{"id":68875,"date":"2020-04-06T18:24:29","date_gmt":"2020-04-06T21:24:29","guid":{"rendered":"http:\/\/portalcatolico.net\/portal\/?p=68875"},"modified":"2020-04-06T21:27:15","modified_gmt":"2020-04-07T00:27:15","slug":"semana-santa-comecou-celebracoes-sao-feitas-de-forma-diferente-por-causa-da-pandemia","status":"publish","type":"post","link":"http:\/\/portalcatolico.net\/portal\/semana-santa-comecou-celebracoes-sao-feitas-de-forma-diferente-por-causa-da-pandemia\/","title":{"rendered":"Semana Santa come\u00e7ou! Celebra\u00e7\u00f5es s\u00e3o feitas de forma diferente por causa da pandemia."},"content":{"rendered":"<p>A Igreja Cat\u00f3lica Apost\u00f3lica&nbsp; Romana celebrou ontem, 5 de abril, o&nbsp;Domingo de Ramos, dando in\u00edcio \u00e0 Semana Santa. Devido \u00e0 quarentena pelo coronavirus, todas as Arquidioceses e Dioceses no Brasil est\u00e3o&nbsp;celebrando a Santa Missa sem a presen\u00e7a dos fieis cat\u00f3licos, o que se&nbsp;prolongar\u00e1, inclusive, durante a Semana Santa, em todo o mundo.&nbsp; A Igreja e os&nbsp; bispos brasileiros pedem que todos rezem, pedindo a gra\u00e7a de bem&nbsp;viver a Semana Santa, ainda que em recolhimento em casa, numa ora\u00e7\u00e3o&nbsp;em fam\u00edlia, participando das celebra\u00e7\u00f5es transmitidas pelas TVs, R\u00e1dios ou pelas&nbsp;redes sociais. \u00c9 importante participar&nbsp;ativamente da Coleta da Campanha da Fraternidade. Com ela, os&nbsp;mais pobres s\u00e3o ajudados.<\/p>\n<p>A par\u00f3quia Santa Rita de C\u00e1ssia, em Itabuna, foi uma das par\u00f3quias que celebrou uma missa que foi transmitida pela R\u00e1dio Interativa FM, \u00e1s 6:30h, com a&nbsp;presid\u00eancia do Pe. Frei Jos\u00e9 Luiz (vig\u00e1rio paroquia da igreja matriz).<\/p>\n<p>Foto:Arquivo\/Portal Cat\u00f3lico.Net\/ Prociss\u00e3o de entrada<\/p>\n<p><strong>Ou\u00e7a a homilia da intriga:&nbsp;<\/strong><\/p>\n<audio class=\"wp-audio-shortcode\" id=\"audio-68875-1\" preload=\"none\" style=\"width: 100%;\" controls=\"controls\"><source type=\"audio\/mpeg\" src=\"http:\/\/portalcatolico.net\/portal\/wp-content\/uploads\/2020\/04\/Z0000123.mp3?_=1\" \/><a href=\"http:\/\/portalcatolico.net\/portal\/wp-content\/uploads\/2020\/04\/Z0000123.mp3\">http:\/\/portalcatolico.net\/portal\/wp-content\/uploads\/2020\/04\/Z0000123.mp3<\/a><\/audio>\n","protected":false},"excerpt":{"rendered":"<p>A Igreja Cat\u00f3lica Apost\u00f3lica&nbsp; Romana celebrou ontem, 5 de abril, o&nbsp;Domingo de Ramos, dando in\u00edcio \u00e0 Semana Santa. Devido \u00e0 quarentena pelo coronavirus, todas as Arquidioceses e Dioceses no Brasil est\u00e3o&nbsp;celebrando a Santa Missa sem a presen\u00e7a dos fieis cat\u00f3licos, o que se&nbsp;prolongar\u00e1, inclusive, durante a Semana Santa, em todo o mundo.&nbsp; A Igreja e&nbsp;<\/p>\n<p><a class=\"btn btn-style\" href=\"http:\/\/portalcatolico.net\/portal\/semana-santa-comecou-celebracoes-sao-feitas-de-forma-diferente-por-causa-da-pandemia\/\">Continue Reading<\/a><\/p>\n","protected":false},"author":2,"featured_media":68877,"comment_status":"open","ping_status":"open","sticky":false,"template":"","format":"standard","meta":{"footnotes":""},"categories":[68],"tags":[],"class_list":["post-68875","post","type-post","status-publish","format-standard","has-post-thumbnail","hentry","category-homilias"],"_links":{"self":[{"href":"http:\/\/portalcatolico.net\/portal\/wp-json\/wp\/v2\/posts\/68875","targetHints":{"allow":["GET"]}}],"collection":[{"href":"http:\/\/portalcatolico.net\/portal\/wp-json\/wp\/v2\/posts"}],"about":[{"href":"http:\/\/portalcatolico.net\/portal\/wp-json\/wp\/v2\/types\/post"}],"author":[{"embeddable":true,"href":"http:\/\/portalcatolico.net\/portal\/wp-json\/wp\/v2\/users\/2"}],"replies":[{"embeddable":true,"href":"http:\/\/portalcatolico.net\/portal\/wp-json\/wp\/v2\/comments?post=68875"}],"version-history":[{"count":2,"href":"http:\/\/portalcatolico.net\/portal\/wp-json\/wp\/v2\/posts\/68875\/revisions"}],"predecessor-version":[{"id":68881,"href":"http:\/\/portalcatolico.net\/portal\/wp-json\/wp\/v2\/posts\/68875\/revisions\/68881"}],"wp:featuredmedia":[{"embeddable":true,"href":"http:\/\/portalcatolico.net\/portal\/wp-json\/wp\/v2\/media\/68877"}],"wp:attachment":[{"href":"http:\/\/portalcatolico.net\/portal\/wp-json\/wp\/v2\/media?parent=68875"}],"wp:term":[{"taxonomy":"category","embeddable":true,"href":"http:\/\/portalcatolico.net\/portal\/wp-json\/wp\/v2\/categories?post=68875"},{"taxonomy":"post_tag","embeddable":true,"href":"http:\/\/portalcatolico.net\/portal\/wp-json\/wp\/v2\/tags?post=68875"}],"curies":[{"name":"wp","href":"https:\/\/api.w.org\/{rel}","templated":true}]}}