{"id":68869,"date":"2020-04-04T21:41:43","date_gmt":"2020-04-05T00:41:43","guid":{"rendered":"http:\/\/portalcatolico.net\/portal\/?p=68869"},"modified":"2020-04-04T21:41:43","modified_gmt":"2020-04-05T00:41:43","slug":"falimentos-e-esperanca","status":"publish","type":"post","link":"http:\/\/portalcatolico.net\/portal\/falimentos-e-esperanca\/","title":{"rendered":"Falimentos e esperan\u00e7a"},"content":{"rendered":"<p>O mundo contempor\u00e2neo, adoecido, esgotado, j\u00e1 n\u00e3o suporta as mesmas din\u00e2micas. O momento atual exige novas posturas, novas respostas.&nbsp; \u00c9 preciso mudar, abrir-se \u00e0s li\u00e7\u00f5es e aprendizados decorrentes da pandemia da Covid-19 &#8211; que ser\u00e1 vencida, mas, lamentavelmente, com sacrif\u00edcios de muitos-, sinal incontest\u00e1vel do esgotamento do atual modelo social. Com humildade, \u00e9 fundamental reconhecer: somente uma din\u00e2mica pode presidir, com \u00eaxito, este necess\u00e1rio processo de transforma\u00e7\u00e3o. N\u00e3o \u00e9 suficiente uma solidariedade moment\u00e2nea, que se resume a doar sobras, para \u201cdesencargo de consci\u00eancia\u201d, como se costuma dizer. Urgentes s\u00e3o as a\u00e7\u00f5es verdadeiramente eficazes em favor dos pobres e dos vulner\u00e1veis.<\/p>\n<p>A situa\u00e7\u00e3o j\u00e1 \u00e9 ca\u00f3tica e pesada, com pessoas passando fome \u2013 e \u201ca fome d\u00f3i\u201d, conforme bem diz o povo sertanejo, evidenciando sua sensibilidade social. H\u00e1, pois, m\u00e1xima urg\u00eancia em se efetivar a\u00e7\u00f5es solid\u00e1rias, consistentes, com o envolvimento e articula\u00e7\u00e3o de igrejas, universidades, empreendedores, fam\u00edlias, jovens altru\u00edstas, homens e mulheres generosos. O mundo exige criatividade e assertividade na constitui\u00e7\u00e3o de redes de solidariedade. Dedicar-se a uma a\u00e7\u00e3o solid\u00e1ria realmente transformadora \u00e9 exerc\u00edcio com frutos que v\u00e3o al\u00e9m da ajuda emergencial aos que dependem de amparo para n\u00e3o morrer \u00e0 m\u00edngua. Tem a for\u00e7a educativa que faz compreender a import\u00e2ncia do outro. Permite reconhecer que distin\u00e7\u00f5es fundamentadas no ac\u00famulo de posses e prest\u00edgios de nada valem quando vem uma pandemia, como a do terr\u00edvel coronav\u00edrus, fazendo arder, igualmente, a pele do rico e do pobre, do doutor e do iletrado, do crente e do ateu. &nbsp;<\/p>\n<p>O exerc\u00edcio da solidariedade permite enxergar: a vida s\u00f3 ser\u00e1 bem vivida quando se reconhecer que \u00e9 dom para todos. E todos t\u00eam o direito de viv\u00ea-la como dom. A vida precisa ser bem cuidada, com equil\u00edbrio de h\u00e1bitos, tratamento adequado do meio ambiente, no horizonte da ecologia integral. Um caminho que exige disposi\u00e7\u00e3o para se envolver em a\u00e7\u00f5es solid\u00e1rias. Agora, mais do que nunca &#8211; n\u00e3o apenas como ret\u00f3rica \u2013 a solidariedade deve, de fato, emergir em novas formas de governar, ser selo de autenticidade da f\u00e9, fundamento de uma cidadania qualificada, caminho para o desenvolvimento integral. No entanto, h\u00e1 ainda uma longa dist\u00e2ncia a percorrer. Muitos,&nbsp;com a consci\u00eancia entorpecida,&nbsp;ainda insistem em considerar \u201cgesto de solidariedade\u201d o sacrif\u00edcio de \u201cuma gota no oceano\u201d das pr\u00f3prias posses.<\/p>\n<p>Mas,&nbsp;desafiando o egocentrismo,&nbsp;a situa\u00e7\u00e3o atual empurra o mundo a reconhecer que solidariedade \u00e9 algo diferente para, assim, encontrar novo caminho, definir novas din\u00e2micas e pr\u00e1ticas. As resist\u00eancias ser\u00e3o grandes e se revelar\u00e3o especialmente nos&nbsp;gestos&nbsp;ego\u00edstas e mesquinhos. Tamb\u00e9m naqueles que, passada esta pandemia, permanecer\u00e3o insanos e nescientes \u2013 n\u00e3o sabem que ao permanecer imut\u00e1veis conduzem a sociedade, velozmente, a novas pandemias.<\/p>\n<p>Em meio \u00e0 luta, sem tr\u00e9guas, envolvendo todos os segmentos da sociedade, desafiados a contingenciamentos e a cuidados urgentes com os mais pobres, h\u00e1 de se compreender: a atual moldura da contemporaneidade \u00e9 uma lista enorme de falimentos, f\u00e1cil de serem identificados ouvindo analistas s\u00e9rios. Se dedicar a essa lista n\u00e3o \u00e9 agourar ou alimentar sentimentos pessimistas, de fracasso. Trata-se da humilde atitude de deixar-se iluminar e orientar por um novo saber que possa conduzir a humanidade a um ciclo novo, condizente com suas conquistas e avan\u00e7os. Caminho para convencer a humanidade de que a vida n\u00e3o \u00e9 simples produto de leis e da mat\u00e9ria.<\/p>\n<p>No horizonte da sociedade est\u00e1 a interroga\u00e7\u00e3o inquietante: o que se pode esperar? \u00c9 hora da autocr\u00edtica necess\u00e1ria e, nessa tarefa, os crist\u00e3os, os homens e mulheres de boa vontade, devem aprender, de novo, no contexto de seus conhecimentos e experi\u00eancias, o que \u00e9 a esperan\u00e7a. \u00c9 o que o mundo precisa, certamente retomando as ra\u00edzes da solidariedade \u2013 princ\u00edpio inegoci\u00e1vel, que possibilita \u00e0 humanidade enfrentar falimentos, reconhecer que s\u00f3 o amor redime e reacende a chama da esperan\u00e7a.&nbsp;<\/p>\n<p><strong>&nbsp;<\/strong><strong>Dom Walmor Oliveira de Azevedo<\/strong><\/p>\n<p><strong>Arcebispo metropolitano de Belo Horizonte (MG)<\/strong><\/p>\n<p><strong>Presidente da Confer\u00eancia Nacional dos Bispos do Brasil<\/strong><\/p>\n","protected":false},"excerpt":{"rendered":"<p>O mundo contempor\u00e2neo, adoecido, esgotado, j\u00e1 n\u00e3o suporta as mesmas din\u00e2micas. O momento atual exige novas posturas, novas respostas.&nbsp; \u00c9 preciso mudar, abrir-se \u00e0s li\u00e7\u00f5es e aprendizados decorrentes da pandemia da Covid-19 &#8211; que ser\u00e1 vencida, mas, lamentavelmente, com sacrif\u00edcios de muitos-, sinal incontest\u00e1vel do esgotamento do atual modelo social. Com humildade, \u00e9 fundamental reconhecer:&nbsp;<\/p>\n<p><a class=\"btn btn-style\" href=\"http:\/\/portalcatolico.net\/portal\/falimentos-e-esperanca\/\">Continue Reading<\/a><\/p>\n","protected":false},"author":2,"featured_media":64225,"comment_status":"open","ping_status":"open","sticky":false,"template":"","format":"standard","meta":{"footnotes":""},"categories":[69],"tags":[],"class_list":["post-68869","post","type-post","status-publish","format-standard","has-post-thumbnail","hentry","category-artigos"],"_links":{"self":[{"href":"http:\/\/portalcatolico.net\/portal\/wp-json\/wp\/v2\/posts\/68869","targetHints":{"allow":["GET"]}}],"collection":[{"href":"http:\/\/portalcatolico.net\/portal\/wp-json\/wp\/v2\/posts"}],"about":[{"href":"http:\/\/portalcatolico.net\/portal\/wp-json\/wp\/v2\/types\/post"}],"author":[{"embeddable":true,"href":"http:\/\/portalcatolico.net\/portal\/wp-json\/wp\/v2\/users\/2"}],"replies":[{"embeddable":true,"href":"http:\/\/portalcatolico.net\/portal\/wp-json\/wp\/v2\/comments?post=68869"}],"version-history":[{"count":1,"href":"http:\/\/portalcatolico.net\/portal\/wp-json\/wp\/v2\/posts\/68869\/revisions"}],"predecessor-version":[{"id":68870,"href":"http:\/\/portalcatolico.net\/portal\/wp-json\/wp\/v2\/posts\/68869\/revisions\/68870"}],"wp:featuredmedia":[{"embeddable":true,"href":"http:\/\/portalcatolico.net\/portal\/wp-json\/wp\/v2\/media\/64225"}],"wp:attachment":[{"href":"http:\/\/portalcatolico.net\/portal\/wp-json\/wp\/v2\/media?parent=68869"}],"wp:term":[{"taxonomy":"category","embeddable":true,"href":"http:\/\/portalcatolico.net\/portal\/wp-json\/wp\/v2\/categories?post=68869"},{"taxonomy":"post_tag","embeddable":true,"href":"http:\/\/portalcatolico.net\/portal\/wp-json\/wp\/v2\/tags?post=68869"}],"curies":[{"name":"wp","href":"https:\/\/api.w.org\/{rel}","templated":true}]}}