{"id":68866,"date":"2020-04-04T21:02:20","date_gmt":"2020-04-05T00:02:20","guid":{"rendered":"http:\/\/portalcatolico.net\/portal\/?p=68866"},"modified":"2020-04-04T21:02:20","modified_gmt":"2020-04-05T00:02:20","slug":"o-papa-ninguem-se-aproveite-deste-momento-de-dor-para-obter-lucro","status":"publish","type":"post","link":"http:\/\/portalcatolico.net\/portal\/o-papa-ninguem-se-aproveite-deste-momento-de-dor-para-obter-lucro\/","title":{"rendered":"O Papa: ningu\u00e9m se aproveite deste momento de dor para obter lucro"},"content":{"rendered":"<p>Na Missa este s\u00e1bado (04\/04) na Casa Santa Marta, Francisco pediu a Deus que nos conceda uma consci\u00eancia reta para realizar sempre o bem neste tempo dif\u00edcil. Na homilia, convidou a estar vigilante com as tenta\u00e7\u00f5es, que come\u00e7am por pequenas coisas e depois nos fazem cair no pecado, contagiando os outros: e acabamos por justificar-nos.<\/p>\n<p>A Ant\u00edfona de entrada da celebra\u00e7\u00e3o do s\u00e1bado da V Semana da Quaresma \u00e9 extra\u00edda do c\u00e9lebre Salmo 21, o Salmo que se inicia com as palavras pronunciadas por Jesus na Cruz: \u201cMeu Deus, meu Deus, porque me abandonastes?\u201d A passagem que o Papa leu no in\u00edcio da Missa na manh\u00e3 deste s\u00e1bado (04\/04) \u00e9 o forte grito de ajuda de um inocente perseguido: \u201c\u00d3 Senhor, n\u00e3o fiqueis longe de mim! \u00d3 minha for\u00e7a, correi em meu socorro! Sou um verme, e n\u00e3o um homem, opr\u00f3brio dos homens e rebotalho da plebe\u201d (Sl 21,20.7). Ao introduzir a celebra\u00e7\u00e3o, Francisco rezou a fim de que ningu\u00e9m se aproveite da pandemia para seus interesses:<\/p>\n<p><i>Nestes momentos de desconforto, de dificuldades, de dor, muitas vezes as pessoas veem a possibilidade de fazer uma ou outra coisa, muitas coisas boas. Mas tamb\u00e9m n\u00e3o deixa de vir a algu\u00e9m a ideia n\u00e3o muito boa, de aproveitar o momento e aproveitar para si mesmo, para obter lucro. Rezemos hoje a fim de que o Senhor nos d\u00ea a todos uma consci\u00eancia reta, uma consci\u00eancia transparente, que possa mostrar-se a Deus sem envergonhar-se.<\/i><\/p>\n<p>Na homilia, Francisco comentou o&nbsp;<b>Evangelho de Jo\u00e3o<\/b>&nbsp;(Jo 11,45-56)) que conta a decis\u00e3o do sin\u00e9drio de matar Jesus ap\u00f3s o sinal de ressurrei\u00e7\u00e3o de L\u00e1zaro. Uma decis\u00e3o \u00e0 qual se chega ap\u00f3s um processo gradual: \u00e9 o caminho da tenta\u00e7\u00e3o, que se inicia do pouco e depois resulta no pecado que \u00e9 autojustificado. &nbsp;A tenta\u00e7\u00e3o cresce lentamente, contagia os outros e se justifica, transformando o cora\u00e7\u00e3o. Por tr\u00e1s dessa tenta\u00e7\u00e3o est\u00e1 a ast\u00facia do diabo que quer destruir Jesus. Que o Esp\u00edrito Santo nos ilumine \u2013 foi a ora\u00e7\u00e3o conclusiva do Papa \u2013 neste conhecimento interior.&nbsp;<b>A seguir, o texto da homilia transcrita pelo Vatican News:<\/b><\/p>\n<p><i>Era j\u00e1 de h\u00e1 muito que os doutores da Lei, tamb\u00e9m os sumos sacerdotes, estavam inquietos porque ocorriam coisas estanhas na regi\u00e3o. Primeiro este Jo\u00e3o, que acabaram deixando de lado porque era um profeta, batizava ali e o povo ia encontr\u00e1-lo, mas n\u00e3o havia outras consequ\u00eancias. Depois veio este Jesus, indicado por Jo\u00e3o. Come\u00e7ou a fazer sinais, milagres, mas sobretudo a falar \u00e0s pessoas e o povo o seguia, e nem sempre observava a lei e isso inquietava muito. \u201cEste \u00e9 um revolucion\u00e1rio, um revolucion\u00e1rio pac\u00edfico&#8230; Este atrai o povo a si e o povo o segue&#8230;\u201d E essas ideias levaram-no a falar entre eles: \u201cMas veja, este n\u00e3o me agrada&#8230; aquele outro&#8230;\u201d, e assim entre eles havia este tema de discuss\u00e3o, inclusive de preocupa\u00e7\u00e3o. Depois alguns foram at\u00e9 Ele para coloc\u00e1-lo \u00e0 prova e sempre o Senhor tinha uma resposta clara que a eles, os doutores da Lei, n\u00e3o tinha vindo em mente. Pensemos naquela mulher casada sete vezes, vi\u00fava sete vezes: \u201cMas, no c\u00e9u, ser\u00e1 esposa de qual destes maridos?\u201d Ele responde claramente e eles (foram) embora um pouco envergonhados pela sabedoria de Jesus e outras vezes (foram) embora humilhados, (como) quando queriam apedrejar aquela senhora ad\u00faltera e Jesus acabou dizendo: \u201cQuem estiver sem pecado atire a primeira pedra\u201d e diz o Evangelho que (foram) embora, a come\u00e7ar pelos mais velhos, humilhados naquele momento. Isso fazia crescer essa discuss\u00e3o entre eles: \u201cDevemos fazer alguma coisa, assim n\u00e3o est\u00e1 bem&#8230;\u201d Depois, mandaram os soldados prend\u00ea-lo e estes voltaram dizendo: \u201cN\u00e3o pudemos prend\u00ea-lo porque este homem fala como ningu\u00e9m\u201d&#8230; \u201cTamb\u00e9m v\u00f3s vos fizerdes enganar\u201d: irados porque nem mesmo os soldados podiam prend\u00ea-lo. E depois, ap\u00f3s a ressurrei\u00e7\u00e3o de L\u00e1zaro \u2013 isso que ouvimos hoje \u2013, muitos judeus iam l\u00e1 ver as irm\u00e3s de L\u00e1zaro, mas alguns foram ver bem como estavam as coisas para cont\u00e1-las, e alguns deles foram ter com os fariseus e lhes contaram o que Jesus tinha feito. Outros creram n\u2019Ele. E estes foram, os mexeriqueiros de sempre, que vivem levando (os mexericos)&#8230; foram contar para eles. Neste momento, aquele grupo que se tinha formado de doutores da Lei fez uma reuni\u00e3o formal: \u201cEste \u00e9 altamente perigoso, devemos tomar uma decis\u00e3o. O que faremos? Este homem realiza muitos sinais \u2013 reconhecem os milagres de Jesus. Se deixamos que Ele continue assim, todos v\u00e3o acreditar n\u2019Ele, h\u00e1 perigo, o povo ir\u00e1 atr\u00e1s d\u2019Ele, se separar\u00e1 de n\u00f3s\u201d \u2013 o povo n\u00e3o era apegado a eles. \u201cVir\u00e3o os romanos e destruir\u00e3o o nosso Lugar Santo e a nossa na\u00e7\u00e3o\u201d. Nisso havia parte da verdade, mas n\u00e3o toda, era uma justifica\u00e7\u00e3o, porque eles tinham encontrado um equil\u00edbrio com a ocupa\u00e7\u00e3o, odiavam o ocupante romano, mas politicamente tinham encontrado um equil\u00edbrio. Assim falavam entre eles. Um deles, Caif\u00e1s \u2013 era o mais radical \u2013 , era sumo sacerdote (disse): \u201cV\u00f3s n\u00e3o entendeis nada. N\u00e3o percebeis que \u00e9 melhor um s\u00f3 morrer pelo povo do que&nbsp; perecer a na\u00e7\u00e3o inteira?\u201d Era o sumo sacerdote e d\u00e1 a resposta: \u201cEliminemo-lo\u201d. E Jo\u00e3o diz: \u201cCaif\u00e1s n\u00e3o falou isso por si mesmo. Sendo sumo sacerdote em fun\u00e7\u00e3o naquele ano, profetizou que Jesus iria morrer pela na\u00e7\u00e3o&#8230; A partir desse dia, as autoridades judaicas tomaram a decis\u00e3o de matar Jesus\u201d. Foi um processo, um processo que come\u00e7ou com pequenas inquieta\u00e7\u00f5es no tempo de Jo\u00e3o Batista e depois acabou nesta reuni\u00e3o dos doutores da Lei e dos sacerdotes. Um processo que crescia, um processo que era mais seguro da decis\u00e3o que deviam tomar, mas ningu\u00e9m a tinha dito assim de forma clara: \u201cEste deve ser eliminado\u201d. Esse modo de fazer dos doutores da Lei \u00e9 propriamente uma figura de como a tenta\u00e7\u00e3o age em n\u00f3s, porque por tr\u00e1s dela evidentemente estava o diabo que queria destruir Jesus e a tenta\u00e7\u00e3o em n\u00f3s geralmente age deste modo: come\u00e7a com pouca coisa, com um desejo, uma ideia, cresce, contagia e no final se justifica. Esses s\u00e3o os tr\u00eas passos da tenta\u00e7\u00e3o do diabo em n\u00f3s e aqui est\u00e3o os tr\u00eas passos que a tenta\u00e7\u00e3o do diabo fez &nbsp;na pessoa do doutor da Lei. Come\u00e7ou com pouca coisa, mas cresceu, cresceu, depois contagiou os outros, tomou corpo e no final se justifica: \u201c\u00c9 melhor um s\u00f3 morrer pelo povo\u201d, a justifica\u00e7\u00e3o total. E todos foram para casa tranquilos. Tinham dito: \u201cEsta \u00e9 a decis\u00e3o que dev\u00edamos tomar\u201d. E todos n\u00f3s, quando somos vencidos pela tenta\u00e7\u00e3o, ficamos tranquilos, porque encontramos uma justifica\u00e7\u00e3o para este pecado, para esta atitude pecaminosa, para esta vida n\u00e3o segundo a Lei de Deus. Devemos ter o costume de ver este processo da tenta\u00e7\u00e3o em n\u00f3s. Aquele processo que nos transforma o cora\u00e7\u00e3o do bem para o mal, que nos conduz ao caminho em descida. Uma coisa que cresce, cresce, cresce lentamente, depois contagia e por fim se justifica. Dificilmente as tenta\u00e7\u00f5es nos chegam abruptamente. O diabo \u00e9 astuto. E sabe tomar esse caminho, o mesmo que tomou para chegar \u00e0 condena\u00e7\u00e3o de Jesus. Quando n\u00f3s nos encontramos num pecado, numa queda, sim, devemos ir pedir perd\u00e3o ao Senhor, \u00e9 o primeiro (passo) que devemos fazer, mas depois (devemos dizer): \u201cComo foi que vim a cair ali? Como se iniciou esse processo em minha alma? Como cresceu? Quem contagiei? E como acabei me justificando para cair?\u201d A vida de Jesus \u00e9 sempre um exemplo para n\u00f3s e as coisas que aconteceram com Jesus s\u00e3o coisas que acontecer\u00e3o conosco, as tenta\u00e7\u00f5es, as justifica\u00e7\u00f5es, as boas pessoas que est\u00e3o ao nosso redor e n\u00f3s, talvez, n\u00e3o as ouvimos, e os maus, no momento da tenta\u00e7\u00e3o, buscamos aproximar-nos (deles) para fazer a tenta\u00e7\u00e3o crescer. Mas, jamais nos esque\u00e7amos: sempre, por tr\u00e1s de um pecado, por tr\u00e1s de uma queda, h\u00e1 uma tenta\u00e7\u00e3o que come\u00e7ou pequena, que cresceu, que contagiou e no final encontrou uma justifica\u00e7\u00e3o para cair. Que o Esp\u00edrito Santo nos ilumine neste conhecimento interior.<\/i><\/p>\n<p>O Santo Padre terminou a celebra\u00e7\u00e3o com a adora\u00e7\u00e3o e a b\u00ean\u00e7\u00e3o eucar\u00edstica, convidando a fazer a Comunh\u00e3o espiritual.&nbsp;<b>A seguir, a ora\u00e7\u00e3o recitada pelo Papa:<\/b><\/p>\n<p><i>Meu Jesus, eu creio que estais presente no Sant\u00edssimo Sacramento do Altar. Amo-vos sobre todas as coisas, e minha alma suspira por V\u00f3s. Mas, como n\u00e3o posso receber-Vos agora no Sant\u00edssimo Sacramento, vinde, ao menos espiritualmente, a meu cora\u00e7\u00e3o. Abra\u00e7o-me convosco como se j\u00e1 estiv\u00e9sseis comigo: uno-me Convosco inteiramente. Ah! n\u00e3o permitais que torne a separar-me de V\u00f3s!<\/i><\/p>\n<p>Antes de deixar a Capela dedicada ao Esp\u00edrito Santo foi entoada uma antiga ant\u00edfona mariana<i>&nbsp;Ave Regina Caelorum<\/i>&nbsp;(\u201cAve Rainha dos C\u00e9us\u201d):<\/p>\n<p><i>Ave, Rainha do c\u00e9u; ave, dos anjos Senhora; ave, raiz, ave, porta; da luz do mundo \u00e9s aurora. Exulta, \u00f3 Virgem gloriosa, as outras seguem-te ap\u00f3s; n\u00f3s te saudamos: adeus! E pede a Cristo por n\u00f3s! <\/i><\/p>\n<p><i>Fonte: Vatican News<\/i><\/p>\n<p>&nbsp;<\/p>\n","protected":false},"excerpt":{"rendered":"<p>Na Missa este s\u00e1bado (04\/04) na Casa Santa Marta, Francisco pediu a Deus que nos conceda uma consci\u00eancia reta para realizar sempre o bem neste tempo dif\u00edcil. Na homilia, convidou a estar vigilante com as tenta\u00e7\u00f5es, que come\u00e7am por pequenas coisas e depois nos fazem cair no pecado, contagiando os outros: e acabamos por justificar-nos.&nbsp;<\/p>\n<p><a class=\"btn btn-style\" href=\"http:\/\/portalcatolico.net\/portal\/o-papa-ninguem-se-aproveite-deste-momento-de-dor-para-obter-lucro\/\">Continue Reading<\/a><\/p>\n","protected":false},"author":2,"featured_media":68867,"comment_status":"open","ping_status":"open","sticky":false,"template":"","format":"standard","meta":{"footnotes":""},"categories":[5],"tags":[],"class_list":["post-68866","post","type-post","status-publish","format-standard","has-post-thumbnail","hentry","category-igreja_no_mundo"],"_links":{"self":[{"href":"http:\/\/portalcatolico.net\/portal\/wp-json\/wp\/v2\/posts\/68866","targetHints":{"allow":["GET"]}}],"collection":[{"href":"http:\/\/portalcatolico.net\/portal\/wp-json\/wp\/v2\/posts"}],"about":[{"href":"http:\/\/portalcatolico.net\/portal\/wp-json\/wp\/v2\/types\/post"}],"author":[{"embeddable":true,"href":"http:\/\/portalcatolico.net\/portal\/wp-json\/wp\/v2\/users\/2"}],"replies":[{"embeddable":true,"href":"http:\/\/portalcatolico.net\/portal\/wp-json\/wp\/v2\/comments?post=68866"}],"version-history":[{"count":1,"href":"http:\/\/portalcatolico.net\/portal\/wp-json\/wp\/v2\/posts\/68866\/revisions"}],"predecessor-version":[{"id":68868,"href":"http:\/\/portalcatolico.net\/portal\/wp-json\/wp\/v2\/posts\/68866\/revisions\/68868"}],"wp:featuredmedia":[{"embeddable":true,"href":"http:\/\/portalcatolico.net\/portal\/wp-json\/wp\/v2\/media\/68867"}],"wp:attachment":[{"href":"http:\/\/portalcatolico.net\/portal\/wp-json\/wp\/v2\/media?parent=68866"}],"wp:term":[{"taxonomy":"category","embeddable":true,"href":"http:\/\/portalcatolico.net\/portal\/wp-json\/wp\/v2\/categories?post=68866"},{"taxonomy":"post_tag","embeddable":true,"href":"http:\/\/portalcatolico.net\/portal\/wp-json\/wp\/v2\/tags?post=68866"}],"curies":[{"name":"wp","href":"https:\/\/api.w.org\/{rel}","templated":true}]}}