{"id":68857,"date":"2020-04-04T19:57:26","date_gmt":"2020-04-04T22:57:26","guid":{"rendered":"http:\/\/portalcatolico.net\/portal\/?p=68857"},"modified":"2020-04-04T19:59:07","modified_gmt":"2020-04-04T22:59:07","slug":"restaurante-o-bom-samaritano-uma-responsabilidade-social-da-paroquia-santa-maria-madalena","status":"publish","type":"post","link":"http:\/\/portalcatolico.net\/portal\/restaurante-o-bom-samaritano-uma-responsabilidade-social-da-paroquia-santa-maria-madalena\/","title":{"rendered":"Restaurante O Bom Samaritano: uma responsabilidade social da Par\u00f3quia Santa Maria Madalena"},"content":{"rendered":"<p>A Par\u00f3quia Santa Maria Madalena no bairro Nova Itabuna da forania centro de nossa Diocese, com seu p\u00e1roco, Padre Tonny, alimentam mais de 150 pessoas todas as sextas-feiras atrav\u00e9s do servi\u00e7o social, chamado, restaurante O Bom Samaritano.<\/p>\n<blockquote><p>Tive fome e me deste de comer. Mat 25<\/p><\/blockquote>\n<p>Com base nesta passagem b\u00edblica, o padre e o conselho paroquial, decidiram inaugurar o restaurante para servir \u00e0queles que mais precisam do alimento f\u00edsico. Mas, antes de alimentar o corpo, a alma \u00e9 alimentada.<\/p>\n<p>Toda sexta-feira tem a missa da miseric\u00f3rdia ao meio dia (12h) e depois, as pessoas s\u00e3o direcionadas ao espa\u00e7o do restaurante, que comporta 130 pessoas sentadas com mesas.<\/p>\n<p>Para este servi\u00e7o, cerca de 15 volunt\u00e1rios preparam toda comida com os materiais arrecadados na Par\u00f3quia e em todas as suas comunidades atrav\u00e9s de 3 geladeira solid\u00e1ria, onde as pessoas podem deixar os alimentos. Outra forma de doa\u00e7\u00e3o \u00e9 contactar a secretaria Paroquial ou pelo pr\u00f3prio p\u00e1roco, onde ele mesmo se disp\u00f5e a ir no local buscar os alimentos.<\/p>\n<p>Fonte:Diocese de Itabuna (BA)<\/p>\n<p>\u00c1lbuns de fotos:<a href=\"http:\/\/diocesedeitabuna.com.br\/restaurante-o-bom-samaritano-uma-responsabilidade-social-da-paroquia-santa-maria-madalena\/\"><strong>Clique aqui<\/strong><\/a><\/p>\n","protected":false},"excerpt":{"rendered":"<p>A Par\u00f3quia Santa Maria Madalena no bairro Nova Itabuna da forania centro de nossa Diocese, com seu p\u00e1roco, Padre Tonny, alimentam mais de 150 pessoas todas as sextas-feiras atrav\u00e9s do servi\u00e7o social, chamado, restaurante O Bom Samaritano. Tive fome e me deste de comer. Mat 25 Com base nesta passagem b\u00edblica, o padre e o&nbsp;<\/p>\n<p><a class=\"btn btn-style\" href=\"http:\/\/portalcatolico.net\/portal\/restaurante-o-bom-samaritano-uma-responsabilidade-social-da-paroquia-santa-maria-madalena\/\">Continue Reading<\/a><\/p>\n","protected":false},"author":2,"featured_media":68858,"comment_status":"open","ping_status":"open","sticky":false,"template":"","format":"standard","meta":{"footnotes":""},"categories":[4],"tags":[],"class_list":["post-68857","post","type-post","status-publish","format-standard","has-post-thumbnail","hentry","category-destaques"],"_links":{"self":[{"href":"http:\/\/portalcatolico.net\/portal\/wp-json\/wp\/v2\/posts\/68857","targetHints":{"allow":["GET"]}}],"collection":[{"href":"http:\/\/portalcatolico.net\/portal\/wp-json\/wp\/v2\/posts"}],"about":[{"href":"http:\/\/portalcatolico.net\/portal\/wp-json\/wp\/v2\/types\/post"}],"author":[{"embeddable":true,"href":"http:\/\/portalcatolico.net\/portal\/wp-json\/wp\/v2\/users\/2"}],"replies":[{"embeddable":true,"href":"http:\/\/portalcatolico.net\/portal\/wp-json\/wp\/v2\/comments?post=68857"}],"version-history":[{"count":3,"href":"http:\/\/portalcatolico.net\/portal\/wp-json\/wp\/v2\/posts\/68857\/revisions"}],"predecessor-version":[{"id":68861,"href":"http:\/\/portalcatolico.net\/portal\/wp-json\/wp\/v2\/posts\/68857\/revisions\/68861"}],"wp:featuredmedia":[{"embeddable":true,"href":"http:\/\/portalcatolico.net\/portal\/wp-json\/wp\/v2\/media\/68858"}],"wp:attachment":[{"href":"http:\/\/portalcatolico.net\/portal\/wp-json\/wp\/v2\/media?parent=68857"}],"wp:term":[{"taxonomy":"category","embeddable":true,"href":"http:\/\/portalcatolico.net\/portal\/wp-json\/wp\/v2\/categories?post=68857"},{"taxonomy":"post_tag","embeddable":true,"href":"http:\/\/portalcatolico.net\/portal\/wp-json\/wp\/v2\/tags?post=68857"}],"curies":[{"name":"wp","href":"https:\/\/api.w.org\/{rel}","templated":true}]}}