{"id":68840,"date":"2020-04-01T19:49:26","date_gmt":"2020-04-01T22:49:26","guid":{"rendered":"http:\/\/portalcatolico.net\/portal\/?p=68840"},"modified":"2020-04-01T19:49:26","modified_gmt":"2020-04-01T22:49:26","slug":"francisco-na-provacao-nao-estamos-sozinhos-confiemo-nos-a-cristo","status":"publish","type":"post","link":"http:\/\/portalcatolico.net\/portal\/francisco-na-provacao-nao-estamos-sozinhos-confiemo-nos-a-cristo\/","title":{"rendered":"Francisco: na prova\u00e7\u00e3o, n\u00e3o estamos sozinhos, confiemo-nos a Cristo"},"content":{"rendered":"<div class=\"article__subTitle\">Em suas sauda\u00e7\u00f5es na Audi\u00eancia Geral, o Papa Francisco recorda que Jesus \u00e9 um amigo fiel, que nos acompanha e nunca decepciona, e que em sua cruz encontramos \u201capoio e consolo no meio das tribula\u00e7\u00f5es da vida\u201d. Portanto, nos convida a confiar na intercess\u00e3o de S\u00e3o Jo\u00e3o Paulo II nas v\u00e9speras do 15\u00ba anivers\u00e1rio de sua morte.<\/div>\n<div>&nbsp;<\/div>\n<div class=\"title__separator\">Jesus \u00e9 o amigo fiel \u201cque enche a nossa vida de felicidade, mesmo em tempos dif\u00edceis\u201d, que \u201cnos acompanha e nunca decepciona\u201d. Nele e com ele n\u00e3o estamos sozinhos e na sua cruz, os nossos cora\u00e7\u00f5es encontram \u201capoio e conforto no meio das tribula\u00e7\u00f5es da vida\u201d. Assim, o Papa Francisco sa\u00fada os fi\u00e9is em v\u00e1rias l\u00ednguas, conectados atrav\u00e9s dos meios de comunica\u00e7\u00e3o com a Biblioteca Apost\u00f3lica Vaticana, no final da catequese da Audi\u00eancia Geral desta quarta-feira (01\/04).<\/div>\n<div>&nbsp;<\/div>\n<div class=\"article__text\">\n<p><strong>Sauda\u00e7\u00e3o em l\u00edngua portuguesa<\/strong><\/p>\n<p>Eis a \u00edntegra da sauda\u00e7\u00e3o em l\u00edngua portuguesa.<\/p>\n<p><i>Amados ouvintes de l\u00edngua portuguesa, a todos sa\u00fado e convido a viver com a Igreja inteira, em pensamento e de cora\u00e7\u00e3o, a pr\u00f3xima Semana Santa, que coloca diante dos nossos olhos a Cruz onde Jesus assumiu e suportou toda a trag\u00e9dia da humanidade. N\u00e3o podemos esquecer as trag\u00e9dias dos nossos dias, porque a Paix\u00e3o do Senhor continua no sofrimento dos homens. Que os vossos cora\u00e7\u00f5es encontrem, na Cruz de Cristo, apoio e conforto no meio das tribula\u00e7\u00f5es da vida; abra\u00e7ando a Cruz como Ele, com humildade, confian\u00e7a e abandono filial \u00e0 vontade de Deus, tereis parte na gl\u00f3ria da Ressurrei\u00e7\u00e3o.<\/i><\/p>\n<p><strong>O homem, com medo, confia-se \u00e0 Miseric\u00f3rdia Divina<\/strong><\/p>\n<p>Aos poloneses, o Papa recorda que o homem de hoje v\u00ea \u201cos sinais da morte\u201d presentes na civiliza\u00e7\u00e3o e \u201cvive cada vez mais com medo, amea\u00e7ado no n\u00facleo de sua exist\u00eancia\u201d. Nestes dias dif\u00edceis, \u201cos seus pensamentos corram para Cristo: saibam que voc\u00eas n\u00e3o est\u00e3o sozinhos. Ele os acompanha e nunca decepciona\u201d. Confiem na Sua&nbsp;<b>\u201cMiseric\u00f3rdia Divina e na intercess\u00e3o de S\u00e3o Jo\u00e3o Paulo II nas v\u00e9speras do 15\u00ba anivers\u00e1rio de sua morte\u201d, que recordaremos nesta quinta-feira, 2 de abril.<\/b><\/p>\n<p><strong>Nos eventos da vida, descubra a Provid\u00eancia do Senhor<\/strong><\/p>\n<p>Aos alem\u00e3es, o Papa Francisco recorda que, ao contemplar \u201ca face do Senhor crucificado e morto por n\u00f3s\u201d, neste per\u00edodo de prova\u00e7\u00e3o, podemos reconhecer \u201cem sua cruz a fonte da verdadeira esperan\u00e7a e alegria, atrav\u00e9s da qual Ele venceu todo o mal\u201d.<\/p>\n<p>Aos ouvintes de l\u00edngua espanhola, sua l\u00edngua nativa, o Papa pede para descobrir a Provid\u00eancia do Senhor \u201cnos acontecimentos da vida cotidiana\u201d. E nos convida a lembrar, nesses momentos de prova\u00e7\u00e3o e escurid\u00e3o, \u201ctodos os nossos irm\u00e3os e irm\u00e3s que sofrem, e aqueles que os ajudam e acompanham com amor e generosidade\u201d.<\/p>\n<p><strong>Obrigado, jovens milaneses, n\u00e3o percam a esperan\u00e7a em Jesus<\/strong><\/p>\n<p>Por fim, entre os fi\u00e9is de l\u00edngua italiana, Francisco sa\u00fada em particular \u201cos grupos que tinham feito reservas para estarem presentes hoje\u201d na Audi\u00eancia Geral, dentre eles \u201cos jovens da profiss\u00e3o de f\u00e9 da Diocese de Mil\u00e3o\u201d. \u201cQueridos jovens, mesmo que sua peregrina\u00e7\u00e3o a Roma seja apenas virtual, quase sinto a sua presen\u00e7a alegre e barulhenta, concretizada tamb\u00e9m nas muitas mensagens que voc\u00eas me enviaram\u201d. O Papa agradece e encoraja os jovens milaneses a \u201cviverem sempre a f\u00e9 com entusiasmo e a n\u00e3o perder a esperan\u00e7a em Jesus, amigo fiel que enche a nossa vida de felicidade, mesmo nos momentos dif\u00edceis\u201d. Que esses \u00faltimos dias da Quaresma possam favorecer \u201cuma prepara\u00e7\u00e3o adequada da celebra\u00e7\u00e3o da P\u00e1scoa, levando cada pessoa a uma proximidade maior a Cristo\u201d.<\/p>\n<p><b>Alessandro Di Bussolo\/Mariangela Jaguraba\/Vatican News<\/b><\/p>\n<\/div>\n","protected":false},"excerpt":{"rendered":"<p>Em suas sauda\u00e7\u00f5es na Audi\u00eancia Geral, o Papa Francisco recorda que Jesus \u00e9 um amigo fiel, que nos acompanha e nunca decepciona, e que em sua cruz encontramos \u201capoio e consolo no meio das tribula\u00e7\u00f5es da vida\u201d. Portanto, nos convida a confiar na intercess\u00e3o de S\u00e3o Jo\u00e3o Paulo II nas v\u00e9speras do 15\u00ba anivers\u00e1rio de&nbsp;<\/p>\n<p><a class=\"btn btn-style\" href=\"http:\/\/portalcatolico.net\/portal\/francisco-na-provacao-nao-estamos-sozinhos-confiemo-nos-a-cristo\/\">Continue Reading<\/a><\/p>\n","protected":false},"author":2,"featured_media":68841,"comment_status":"open","ping_status":"open","sticky":false,"template":"","format":"standard","meta":{"footnotes":""},"categories":[5],"tags":[],"class_list":["post-68840","post","type-post","status-publish","format-standard","has-post-thumbnail","hentry","category-igreja_no_mundo"],"_links":{"self":[{"href":"http:\/\/portalcatolico.net\/portal\/wp-json\/wp\/v2\/posts\/68840","targetHints":{"allow":["GET"]}}],"collection":[{"href":"http:\/\/portalcatolico.net\/portal\/wp-json\/wp\/v2\/posts"}],"about":[{"href":"http:\/\/portalcatolico.net\/portal\/wp-json\/wp\/v2\/types\/post"}],"author":[{"embeddable":true,"href":"http:\/\/portalcatolico.net\/portal\/wp-json\/wp\/v2\/users\/2"}],"replies":[{"embeddable":true,"href":"http:\/\/portalcatolico.net\/portal\/wp-json\/wp\/v2\/comments?post=68840"}],"version-history":[{"count":1,"href":"http:\/\/portalcatolico.net\/portal\/wp-json\/wp\/v2\/posts\/68840\/revisions"}],"predecessor-version":[{"id":68842,"href":"http:\/\/portalcatolico.net\/portal\/wp-json\/wp\/v2\/posts\/68840\/revisions\/68842"}],"wp:featuredmedia":[{"embeddable":true,"href":"http:\/\/portalcatolico.net\/portal\/wp-json\/wp\/v2\/media\/68841"}],"wp:attachment":[{"href":"http:\/\/portalcatolico.net\/portal\/wp-json\/wp\/v2\/media?parent=68840"}],"wp:term":[{"taxonomy":"category","embeddable":true,"href":"http:\/\/portalcatolico.net\/portal\/wp-json\/wp\/v2\/categories?post=68840"},{"taxonomy":"post_tag","embeddable":true,"href":"http:\/\/portalcatolico.net\/portal\/wp-json\/wp\/v2\/tags?post=68840"}],"curies":[{"name":"wp","href":"https:\/\/api.w.org\/{rel}","templated":true}]}}