{"id":68836,"date":"2020-04-01T19:37:19","date_gmt":"2020-04-01T22:37:19","guid":{"rendered":"http:\/\/portalcatolico.net\/portal\/?p=68836"},"modified":"2020-04-01T19:37:47","modified_gmt":"2020-04-01T22:37:47","slug":"coronavirus-provoca-adiamento-do-congresso-eucaristico-nacional","status":"publish","type":"post","link":"http:\/\/portalcatolico.net\/portal\/coronavirus-provoca-adiamento-do-congresso-eucaristico-nacional\/","title":{"rendered":"Coronav\u00edrus provoca adiamento do Congresso Eucar\u00edstico Nacional"},"content":{"rendered":"<p><em><strong>O XVIII Congresso Eucar\u00edstico Nacional, a ser realizado em Recife, foi adiado para novembro de 2021<\/strong>.<\/em><\/p>\n<p>Dom Fernando Saburido, Arcebispo de Olinda e Recife informou que o XVIII Congresso Eucar\u00edstico Nacional, que estava programado para ocorrer de 12 a 15 de novembro deste ano, foi adiado para 2021, na mesma data, em decorr\u00eancia da pandemia do&nbsp; Covid-19.<\/p>\n<p><strong>Congresso adiado para novembro de 2021<\/strong><\/p>\n<p>\u201cAp\u00f3s concord\u00e2ncia com os 21 bispos do Regional Nordeste 2, junto com a presid\u00eancia da Confer\u00eancia Nacional dos Bispos do Brasil (CNBB), est\u00e1 adiado o XVIII Congresso Eucar\u00edstico Nacional, a ser realizado na Arquidiocese de Olinda e Recife, para o per\u00edodo de 12 a 15 de novembro de 2021\u201d, diz a nota distribu\u00edda \u00e0 imprensa.<\/p>\n<p><strong>Coronav\u00edrus: causa do adiamento<\/strong><\/p>\n<p>Dom Saburido explicou que \u201ca mudan\u00e7a acontece devido \u00e0 pandemia da Covid-19 e as consequ\u00eancias pastorais, sociais e econ\u00f4micas que j\u00e1 se apresentam no mundo inteiro\u201d.<\/p>\n<p><img decoding=\"async\" class=\"aligncenter size-full wp-image-162643 lazy loaded\" src=\"https:\/\/cdn.gaudiumpress.org\/wp-content\/uploads\/2020\/04\/01173218\/Coronav%C3%ADrus-provoca-adiamento-do-Congresso-Eucar%C3%ADstico-Nacional-FotoCNBB.jpg\" sizes=\"(max-width: 620px) 100vw, 620px\" srcset=\"https:\/\/cdn.gaudiumpress.org\/wp-content\/uploads\/2020\/04\/01173218\/Coronav%C3%ADrus-provoca-adiamento-do-Congresso-Eucar%C3%ADstico-Nacional-FotoCNBB.jpg 620w, https:\/\/cdn.gaudiumpress.org\/wp-content\/uploads\/2020\/04\/01173218\/Coronav%C3%ADrus-provoca-adiamento-do-Congresso-Eucar%C3%ADstico-Nacional-FotoCNBB-250x181.jpg 250w, https:\/\/cdn.gaudiumpress.org\/wp-content\/uploads\/2020\/04\/01173218\/Coronav%C3%ADrus-provoca-adiamento-do-Congresso-Eucar%C3%ADstico-Nacional-FotoCNBB-120x87.jpg 120w\" alt=\"O XVIII Congresso Eucar\u00edstico Nacional, a ser realizado em Recife, foi adiado para novembro de 2021.\" data-src=\"https:\/\/cdn.gaudiumpress.org\/wp-content\/uploads\/2020\/04\/01173218\/Coronav%C3%ADrus-provoca-adiamento-do-Congresso-Eucar%C3%ADstico-Nacional-FotoCNBB.jpg\" data-srcset=\"https:\/\/cdn.gaudiumpress.org\/wp-content\/uploads\/2020\/04\/01173218\/Coronav%C3%ADrus-provoca-adiamento-do-Congresso-Eucar%C3%ADstico-Nacional-FotoCNBB.jpg 620w, https:\/\/cdn.gaudiumpress.org\/wp-content\/uploads\/2020\/04\/01173218\/Coronav%C3%ADrus-provoca-adiamento-do-Congresso-Eucar%C3%ADstico-Nacional-FotoCNBB-250x181.jpg 250w, https:\/\/cdn.gaudiumpress.org\/wp-content\/uploads\/2020\/04\/01173218\/Coronav%C3%ADrus-provoca-adiamento-do-Congresso-Eucar%C3%ADstico-Nacional-FotoCNBB-120x87.jpg 120w\" data-sizes=\"(max-width: 620px) 100vw, 620px\" data-was-processed=\"true\"><\/p>\n<p>\u201cReitero que todos n\u00f3s juntos, guiados pelo Esp\u00edrito Santo, poderemos superar essa calamidade e restituir ao mundo as condi\u00e7\u00f5es de sa\u00fade e de vida\u201d, concluiu o Arcebispo de Olinda e Recife.<\/p>\n<p><strong>CNBB e o adiamento do Congresso<\/strong><\/p>\n<p>Diante do atual cen\u00e1rio mundial, a presid\u00eancia da CNBB manifestou, por unanimidade, a concord\u00e2ncia quanto ao adiamento do Congresso Eucar\u00edstico Nacional para 2021.<\/p>\n<p>Em carta enviada a Dom Saburido, o secret\u00e1rio-geral da CNBB e bispo auxiliar do Rio de Janeiro, Dom Joel Portella Amado, declarou que \u201ctrata-se de atitude de profundo bom senso diante de um quadro imprevis\u00edvel, n\u00e3o apenas quanto ao tempo de dura\u00e7\u00e3o da pandemia causada pelo coronav\u00edrus quanto em rela\u00e7\u00e3o \u00e0s sequelas econ\u00f4micas que poder\u00e3o advir\u201d.<\/p>\n<p>Dom Joel ainda expressou ao Arcebispo de Olinda e Recife \u201co apre\u00e7o e a solidariedade da Presid\u00eancia da CNBB, bem como o desejo e as ora\u00e7\u00f5es para que todas as tratativas que dever\u00e3o ser feitas para o adiamento ocorram na almejada paz\u201d.&nbsp;<\/p>\n<p>Fonte: Gaudiumpress<\/p>\n","protected":false},"excerpt":{"rendered":"<p>O XVIII Congresso Eucar\u00edstico Nacional, a ser realizado em Recife, foi adiado para novembro de 2021. Dom Fernando Saburido, Arcebispo de Olinda e Recife informou que o XVIII Congresso Eucar\u00edstico Nacional, que estava programado para ocorrer de 12 a 15 de novembro deste ano, foi adiado para 2021, na mesma data, em decorr\u00eancia da pandemia&nbsp;<\/p>\n<p><a class=\"btn btn-style\" href=\"http:\/\/portalcatolico.net\/portal\/coronavirus-provoca-adiamento-do-congresso-eucaristico-nacional\/\">Continue Reading<\/a><\/p>\n","protected":false},"author":2,"featured_media":68837,"comment_status":"open","ping_status":"open","sticky":false,"template":"","format":"standard","meta":{"footnotes":""},"categories":[3],"tags":[],"class_list":["post-68836","post","type-post","status-publish","format-standard","has-post-thumbnail","hentry","category-noticias_regionais"],"_links":{"self":[{"href":"http:\/\/portalcatolico.net\/portal\/wp-json\/wp\/v2\/posts\/68836","targetHints":{"allow":["GET"]}}],"collection":[{"href":"http:\/\/portalcatolico.net\/portal\/wp-json\/wp\/v2\/posts"}],"about":[{"href":"http:\/\/portalcatolico.net\/portal\/wp-json\/wp\/v2\/types\/post"}],"author":[{"embeddable":true,"href":"http:\/\/portalcatolico.net\/portal\/wp-json\/wp\/v2\/users\/2"}],"replies":[{"embeddable":true,"href":"http:\/\/portalcatolico.net\/portal\/wp-json\/wp\/v2\/comments?post=68836"}],"version-history":[{"count":2,"href":"http:\/\/portalcatolico.net\/portal\/wp-json\/wp\/v2\/posts\/68836\/revisions"}],"predecessor-version":[{"id":68839,"href":"http:\/\/portalcatolico.net\/portal\/wp-json\/wp\/v2\/posts\/68836\/revisions\/68839"}],"wp:featuredmedia":[{"embeddable":true,"href":"http:\/\/portalcatolico.net\/portal\/wp-json\/wp\/v2\/media\/68837"}],"wp:attachment":[{"href":"http:\/\/portalcatolico.net\/portal\/wp-json\/wp\/v2\/media?parent=68836"}],"wp:term":[{"taxonomy":"category","embeddable":true,"href":"http:\/\/portalcatolico.net\/portal\/wp-json\/wp\/v2\/categories?post=68836"},{"taxonomy":"post_tag","embeddable":true,"href":"http:\/\/portalcatolico.net\/portal\/wp-json\/wp\/v2\/tags?post=68836"}],"curies":[{"name":"wp","href":"https:\/\/api.w.org\/{rel}","templated":true}]}}