{"id":68830,"date":"2020-04-01T00:45:38","date_gmt":"2020-04-01T03:45:38","guid":{"rendered":"http:\/\/portalcatolico.net\/portal\/?p=68830"},"modified":"2020-03-31T20:46:20","modified_gmt":"2020-03-31T23:46:20","slug":"arquidiocese-de-salvador-divulga-programacao-da-semana-santa","status":"publish","type":"post","link":"http:\/\/portalcatolico.net\/portal\/arquidiocese-de-salvador-divulga-programacao-da-semana-santa\/","title":{"rendered":"Arquidiocese de Salvador divulga programa\u00e7\u00e3o da Semana Santa"},"content":{"rendered":"<p>O Administrador Apost\u00f3lico, Dom Murilo Krieger, divulgou as orienta\u00e7\u00f5es para as celebra\u00e7\u00f5es da Semana Santa na Arquidiocese de Salvador. As mudan\u00e7as foram necess\u00e1rias devido \u00e0 prolifera\u00e7\u00e3o da pandemia ocasionada pelo novo coronav\u00edrus (COVID \u2013 19). \u00c9 importante destacar que todas as celebra\u00e7\u00f5es acontecer\u00e3o sem a presen\u00e7a dos fi\u00e9is e ser\u00e3o transmitidas pela R\u00e1dio Excelsior da Bahia (AM 840) e pela p\u00e1gina oficial da Arquidiocese no Facebook: @ArquiSalvador. Confira a programa\u00e7\u00e3o:<\/p>\n<p><strong>Domingo de Ramos (5 de abril)<\/strong><\/p>\n<p>Cada padre deve celebrar a Missa, em sua par\u00f3quia, sem a presen\u00e7a dos fi\u00e9is.<\/p>\n<p><strong>Quinta-feira Santa (9 de abril)<\/strong><\/p>\n<p>\u00c0s 9h \u2013 Missa da Unidade<\/p>\n<p>\u00c0s 16h \u2013 Missa da Ceia do Senhor (n\u00e3o haver\u00e1 o Lava-p\u00e9s)<\/p>\n<p><strong>Sexta-feira-Santa (10 de abril)<\/strong><\/p>\n<p>\u00c0s 16h \u2013 A\u00e7\u00e3o Lit\u00fargica da Paix\u00e3o do Senhor<\/p>\n<p><strong>S\u00e1bado Santo (11 de abril)<\/strong><\/p>\n<p>\u00c0s 16h \u2013 Vig\u00edlia Pascal<\/p>\n<p><strong>Domingo de P\u00e1scoa (12 de abril)<\/strong><\/p>\n<p>\u00c0s 10h \u2013 Santa Missa<\/p>\n<p>As express\u00f5es de piedade popular e as prociss\u00f5es que enriquecem os dias da Semana Santa e do Tr\u00edduo Pascal poder\u00e3o ser transferidas para outros dias convenientes. Neste tempo e nas atuais circunst\u00e2ncias, todos s\u00e3o chamados a valorizar, de modo especial, a Liturgia das Horas, rezada em nome da Igreja.<\/p>\n<p>Por: Sara Gomes\/Arquidiocese de Salvador(BA)<\/p>\n","protected":false},"excerpt":{"rendered":"<p>O Administrador Apost\u00f3lico, Dom Murilo Krieger, divulgou as orienta\u00e7\u00f5es para as celebra\u00e7\u00f5es da Semana Santa na Arquidiocese de Salvador. As mudan\u00e7as foram necess\u00e1rias devido \u00e0 prolifera\u00e7\u00e3o da pandemia ocasionada pelo novo coronav\u00edrus (COVID \u2013 19). \u00c9 importante destacar que todas as celebra\u00e7\u00f5es acontecer\u00e3o sem a presen\u00e7a dos fi\u00e9is e ser\u00e3o transmitidas pela R\u00e1dio Excelsior da&nbsp;<\/p>\n<p><a class=\"btn btn-style\" href=\"http:\/\/portalcatolico.net\/portal\/arquidiocese-de-salvador-divulga-programacao-da-semana-santa\/\">Continue Reading<\/a><\/p>\n","protected":false},"author":2,"featured_media":68831,"comment_status":"open","ping_status":"open","sticky":false,"template":"","format":"standard","meta":{"footnotes":""},"categories":[4],"tags":[],"class_list":["post-68830","post","type-post","status-publish","format-standard","has-post-thumbnail","hentry","category-destaques"],"_links":{"self":[{"href":"http:\/\/portalcatolico.net\/portal\/wp-json\/wp\/v2\/posts\/68830","targetHints":{"allow":["GET"]}}],"collection":[{"href":"http:\/\/portalcatolico.net\/portal\/wp-json\/wp\/v2\/posts"}],"about":[{"href":"http:\/\/portalcatolico.net\/portal\/wp-json\/wp\/v2\/types\/post"}],"author":[{"embeddable":true,"href":"http:\/\/portalcatolico.net\/portal\/wp-json\/wp\/v2\/users\/2"}],"replies":[{"embeddable":true,"href":"http:\/\/portalcatolico.net\/portal\/wp-json\/wp\/v2\/comments?post=68830"}],"version-history":[{"count":1,"href":"http:\/\/portalcatolico.net\/portal\/wp-json\/wp\/v2\/posts\/68830\/revisions"}],"predecessor-version":[{"id":68832,"href":"http:\/\/portalcatolico.net\/portal\/wp-json\/wp\/v2\/posts\/68830\/revisions\/68832"}],"wp:featuredmedia":[{"embeddable":true,"href":"http:\/\/portalcatolico.net\/portal\/wp-json\/wp\/v2\/media\/68831"}],"wp:attachment":[{"href":"http:\/\/portalcatolico.net\/portal\/wp-json\/wp\/v2\/media?parent=68830"}],"wp:term":[{"taxonomy":"category","embeddable":true,"href":"http:\/\/portalcatolico.net\/portal\/wp-json\/wp\/v2\/categories?post=68830"},{"taxonomy":"post_tag","embeddable":true,"href":"http:\/\/portalcatolico.net\/portal\/wp-json\/wp\/v2\/tags?post=68830"}],"curies":[{"name":"wp","href":"https:\/\/api.w.org\/{rel}","templated":true}]}}