{"id":68823,"date":"2020-03-29T13:49:46","date_gmt":"2020-03-29T16:49:46","guid":{"rendered":"http:\/\/portalcatolico.net\/portal\/?p=68823"},"modified":"2020-03-29T13:49:46","modified_gmt":"2020-03-29T16:49:46","slug":"paroquia-coloca-fotos-de-fieis-em-bancos-para-celebrar-missa-lacos-da-fe-nos-unem","status":"publish","type":"post","link":"http:\/\/portalcatolico.net\/portal\/paroquia-coloca-fotos-de-fieis-em-bancos-para-celebrar-missa-lacos-da-fe-nos-unem\/","title":{"rendered":"Par\u00f3quia coloca fotos de fi\u00e9is em bancos para celebrar missa: &#8216;La\u00e7os da f\u00e9 nos unem&#8217;"},"content":{"rendered":"<p class=\"content-head__subtitle\">Missas presenciais foram suspensas para evitar a transmiss\u00e3o do coronav\u00edrus. Ideia emocionou padres e aproximou frequentadores da igreja.<\/p>\n<div class=\"mc-column content-text active-extra-styles \" data-block-type=\"unstyled\" data-block-weight=\"32\" data-block-id=\"2\">\n<p class=\"content-text__container \" data-track-category=\"Link no Texto\" data-track-links=\"\">Uma par\u00f3quia de Quintana (SP) inovou com uma atitude para deixar os padres mais pr\u00f3ximos aos fi\u00e9is durante a missa, mesmo quando o coronav\u00edrus exige que elas sejam feitas a dist\u00e2ncia.<\/p>\n<\/div>\n<div class=\"wall protected-content\">\n<div class=\"mc-column content-text active-extra-styles \" data-block-type=\"unstyled\" data-block-weight=\"31\" data-block-id=\"3\">\n<p class=\"content-text__container \" data-track-category=\"Link no Texto\" data-track-links=\"\">Na quarta-feira (25), colaboradores espalharam fotos impressas dos frequentadores da par\u00f3quia nos bancos da igreja e tornaram a missa, transmitida pela internet, um momento emocionante para os padres e fi\u00e9is.<\/p>\n<div class=\"mc-column content-text active-extra-styles \" data-block-type=\"unstyled\" data-block-weight=\"34\" data-block-id=\"5\">\n<p class=\"content-text__container \" data-track-category=\"Link no Texto\" data-track-links=\"\">O coordenador da pastoral da comunica\u00e7\u00e3o, Allyson Saulo Cabrini, contou ao&nbsp;<strong>G1<\/strong>&nbsp;que a a\u00e7\u00e3o foi inspirada na ideia de uma igreja italiana e teve como objetivo principal homenagear os padres da par\u00f3quia.<\/p>\n<\/div>\n<div class=\"mc-column content-text active-extra-styles\" data-block-type=\"raw\" data-block-weight=\"31\" data-block-id=\"6\">\n<blockquote class=\"content-blockquote theme-border-color-primary-before\"><p>\u201cO padre chegou e foi uma como\u00e7\u00e3o total. Era uma inten\u00e7\u00e3o de homenage\u00e1-lo at\u00e9 porque o padre nasceu para o povo e, sem o povo, fica uma parcela faltando\u201d, conta Allyson.<\/p><\/blockquote>\n<\/div>\n<div class=\"row medium-uncollapsed content-media content-photo\" data-block-type=\"backstage-photo\" data-block-id=\"7\">\n<div class=\"mc-column content-media__container\">\n<div class=\"progressive-img can-open-lightbox\" data-min-size=\"1008x754\" data-min-size-url=\"https:\/\/s2.glbimg.com\/gd87Pur_rZhq_cofczXEogUyEoc=\/0x0:960x719\/1008x0\/smart\/filters:strip_icc()\/i.s3.glbimg.com\/v1\/AUTH_59edd422c0c84a879bd37670ae4f538a\/internal_photos\/bs\/2020\/Q\/p\/icgAZuTOm1816smFjZ3A\/fotos-banco.jpg\" data-max-size=\"1600x1198\" data-max-size-url=\"https:\/\/s2.glbimg.com\/DEHQ52KREgbgHfmUkzmAa87OWYI=\/0x0:960x719\/1600x0\/smart\/filters:strip_icc()\/i.s3.glbimg.com\/v1\/AUTH_59edd422c0c84a879bd37670ae4f538a\/internal_photos\/bs\/2020\/Q\/p\/icgAZuTOm1816smFjZ3A\/fotos-banco.jpg\" data-media-index=\"1\">\n<div class=\"placeholder-container\">&nbsp;<\/div>\n<picture><source srcset=\"https:\/\/s2.glbimg.com\/fdvJiMyUUbYv606inV-F_ZKyqNk=\/0x0:960x719\/984x0\/smart\/filters:strip_icc()\/i.s3.glbimg.com\/v1\/AUTH_59edd422c0c84a879bd37670ae4f538a\/internal_photos\/bs\/2020\/Q\/p\/icgAZuTOm1816smFjZ3A\/fotos-banco.jpg\" data-src=\"https:\/\/s2.glbimg.com\/fdvJiMyUUbYv606inV-F_ZKyqNk=\/0x0:960x719\/984x0\/smart\/filters:strip_icc()\/i.s3.glbimg.com\/v1\/AUTH_59edd422c0c84a879bd37670ae4f538a\/internal_photos\/bs\/2020\/Q\/p\/icgAZuTOm1816smFjZ3A\/fotos-banco.jpg\"><img decoding=\"async\" class=\"image content-media__image progressive-loaded aligncenter\" title=\"Missas presenciais foram suspensas para evitar a transmiss\u00e3o do coronav\u00edrus em Quintana \u2014 Foto: Arquivo pessoal\/Allyson Saulo Cabrini\" src=\"https:\/\/s2.glbimg.com\/fdvJiMyUUbYv606inV-F_ZKyqNk=\/0x0:960x719\/984x0\/smart\/filters:strip_icc()\/i.s3.glbimg.com\/v1\/AUTH_59edd422c0c84a879bd37670ae4f538a\/internal_photos\/bs\/2020\/Q\/p\/icgAZuTOm1816smFjZ3A\/fotos-banco.jpg\" alt=\"Missas presenciais foram suspensas para evitar a transmiss\u00e3o do coronav\u00edrus em Quintana \u2014 Foto: Arquivo pessoal\/Allyson Saulo Cabrini\" data-src=\"https:\/\/s2.glbimg.com\/fdvJiMyUUbYv606inV-F_ZKyqNk=\/0x0:960x719\/984x0\/smart\/filters:strip_icc()\/i.s3.glbimg.com\/v1\/AUTH_59edd422c0c84a879bd37670ae4f538a\/internal_photos\/bs\/2020\/Q\/p\/icgAZuTOm1816smFjZ3A\/fotos-banco.jpg\"><\/picture><\/div>\n<p class=\"content-media__description \">Missas presenciais foram suspensas para evitar a transmiss\u00e3o do coronav\u00edrus em Quintana \u2014 Foto: Arquivo pessoal\/Allyson Saulo Cabrini<\/p>\n<\/div>\n<\/div>\n<div class=\"content-ads content-ads--reveal\" data-block-type=\"ads\" data-block-id=\"8\">\n<div id=\"banner_materia2\" class=\"tag-manager-publicidade-container mc-has-reveal mc-has-ad-lazyload tag-manager-publicidade-banner_materia2 tag-manager-publicidade-container--carregado tag-manager-publicidade-container--visivel\" data-id=\"banner_materia2\" data-google-query-id=\"CMGfjoqRwOgCFY1_wQodAdANWA\" data-cid=\"138307724596\" data-lid=\"5321981934\">\n<div class=\"mc-column content-text active-extra-styles \" data-block-type=\"unstyled\" data-block-weight=\"39\" data-block-id=\"9\">\n<p class=\"content-text__container \" data-track-category=\"Link no Texto\" data-track-links=\"\">Para o padre Edson de Oliveira, a surpresa foi um gesto precioso. Atrav\u00e9s dele, os fi\u00e9is puderam se sentir representados na ora\u00e7\u00e3o e mostrou que a comunidade pode estar presente e manter a f\u00e9, mesmo de maneiras alternativas.<\/p>\n<\/div>\n<div class=\"mc-column content-text active-extra-styles \" data-block-type=\"unstyled\" data-block-weight=\"35\" data-block-id=\"10\">\n<p class=\"content-text__container \" data-track-category=\"Link no Texto\" data-track-links=\"\">\u201cA gente at\u00e9 se emociona porque \u00e9 isso que provoca, um estado de emo\u00e7\u00e3o e sensibilidade. Tamb\u00e9m revela a ternura da comunidade com o padre, \u00e9 uma rela\u00e7\u00e3o muito bonita\u201d, se emociona o padre.<\/p>\n<\/div>\n<div class=\"mc-column content-text active-extra-styles \" data-block-type=\"unstyled\" data-block-weight=\"41\" data-block-id=\"11\">\n<p class=\"content-text__container \" data-track-category=\"Link no Texto\" data-track-links=\"\">A equipe da igreja recebeu as fotos atrav\u00e9s de um WhatsApp disponibilizado na&nbsp;<a href=\"https:\/\/www.facebook.com\/pg\/paroquiaquintana\/posts\/\" target=\"_blank\" rel=\"noopener\">p\u00e1gina da par\u00f3quia no Facebook<\/a>. Segundo o coordenador, os fi\u00e9is gostaram bastante da ideia e, em menos de 24 horas, a igreja recebeu mais de 200 fotos.<\/p>\n<\/div>\n<div class=\"mc-column content-text active-extra-styles \" data-block-type=\"unstyled\" data-block-weight=\"52\" data-block-id=\"12\">\n<p class=\"content-text__container \" data-track-category=\"Link no Texto\" data-track-links=\"\">\u201cO que eu fico mais feliz \u00e9 ver que alguns bancos ainda n\u00e3o t\u00eam fotografia, mas eu sei que v\u00e3o faltar bancos para a gente colocar fotos. N\u00e3o \u00e9 uma corrente sombria, s\u00e3o os la\u00e7os da f\u00e9 que nos unem e todo mundo quer fazer parte disso\u201d, afirma o padre Edson.<\/p>\n<\/div>\n<div class=\"row medium-uncollapsed content-media content-photo\" data-block-type=\"backstage-photo\" data-block-id=\"13\">\n<div class=\"mc-column content-media__container\">\n<div class=\"progressive-img can-open-lightbox\" data-min-size=\"1008x756\" data-min-size-url=\"https:\/\/s2.glbimg.com\/tCT7Qr3ynVehMLbXPjpVgTcb0eY=\/0x0:960x720\/1008x0\/smart\/filters:strip_icc()\/i.s3.glbimg.com\/v1\/AUTH_59edd422c0c84a879bd37670ae4f538a\/internal_photos\/bs\/2020\/m\/1\/unJDnSRC2EtxItA9WQ3A\/90664881-1351702105218997-6072432437638463488-n.jpg\" data-max-size=\"1600x1200\" data-max-size-url=\"https:\/\/s2.glbimg.com\/QcLmgMStpFv3uLU8qy1WWmG7Vq0=\/0x0:960x720\/1600x0\/smart\/filters:strip_icc()\/i.s3.glbimg.com\/v1\/AUTH_59edd422c0c84a879bd37670ae4f538a\/internal_photos\/bs\/2020\/m\/1\/unJDnSRC2EtxItA9WQ3A\/90664881-1351702105218997-6072432437638463488-n.jpg\" data-media-index=\"2\">\n<div class=\"placeholder-container\">&nbsp;<\/div>\n<picture><source srcset=\"https:\/\/s2.glbimg.com\/Wk8u341HeinnJ8OItNTD_YTlLfQ=\/0x0:960x720\/600x0\/smart\/filters:strip_icc()\/i.s3.glbimg.com\/v1\/AUTH_59edd422c0c84a879bd37670ae4f538a\/internal_photos\/bs\/2020\/m\/1\/unJDnSRC2EtxItA9WQ3A\/90664881-1351702105218997-6072432437638463488-n.jpg 1x, https:\/\/s2.glbimg.com\/baeWHDWm2YFagXbkBr-Z236ydxM=\/0x0:960x720\/1200x0\/smart\/filters:strip_icc()\/i.s3.glbimg.com\/v1\/AUTH_59edd422c0c84a879bd37670ae4f538a\/internal_photos\/bs\/2020\/m\/1\/unJDnSRC2EtxItA9WQ3A\/90664881-1351702105218997-6072432437638463488-n.jpg 2x\" media=\"(max-width: 1024px)\" data-src=\"https:\/\/s2.glbimg.com\/Wk8u341HeinnJ8OItNTD_YTlLfQ=\/0x0:960x720\/600x0\/smart\/filters:strip_icc()\/i.s3.glbimg.com\/v1\/AUTH_59edd422c0c84a879bd37670ae4f538a\/internal_photos\/bs\/2020\/m\/1\/unJDnSRC2EtxItA9WQ3A\/90664881-1351702105218997-6072432437638463488-n.jpg 1x, https:\/\/s2.glbimg.com\/baeWHDWm2YFagXbkBr-Z236ydxM=\/0x0:960x720\/1200x0\/smart\/filters:strip_icc()\/i.s3.glbimg.com\/v1\/AUTH_59edd422c0c84a879bd37670ae4f538a\/internal_photos\/bs\/2020\/m\/1\/unJDnSRC2EtxItA9WQ3A\/90664881-1351702105218997-6072432437638463488-n.jpg 2x\"><source srcset=\"https:\/\/s2.glbimg.com\/En3m_4e47dKI91rvmvM9kY6iWrM=\/0x0:960x720\/640x0\/smart\/filters:strip_icc()\/i.s3.glbimg.com\/v1\/AUTH_59edd422c0c84a879bd37670ae4f538a\/internal_photos\/bs\/2020\/m\/1\/unJDnSRC2EtxItA9WQ3A\/90664881-1351702105218997-6072432437638463488-n.jpg 1x, https:\/\/s2.glbimg.com\/ssR68QUwxg7HG_GBIGY0P2edslk=\/0x0:960x720\/1280x0\/smart\/filters:strip_icc()\/i.s3.glbimg.com\/v1\/AUTH_59edd422c0c84a879bd37670ae4f538a\/internal_photos\/bs\/2020\/m\/1\/unJDnSRC2EtxItA9WQ3A\/90664881-1351702105218997-6072432437638463488-n.jpg 2x\" media=\"(max-width: 1280px)\" data-src=\"https:\/\/s2.glbimg.com\/En3m_4e47dKI91rvmvM9kY6iWrM=\/0x0:960x720\/640x0\/smart\/filters:strip_icc()\/i.s3.glbimg.com\/v1\/AUTH_59edd422c0c84a879bd37670ae4f538a\/internal_photos\/bs\/2020\/m\/1\/unJDnSRC2EtxItA9WQ3A\/90664881-1351702105218997-6072432437638463488-n.jpg 1x, https:\/\/s2.glbimg.com\/ssR68QUwxg7HG_GBIGY0P2edslk=\/0x0:960x720\/1280x0\/smart\/filters:strip_icc()\/i.s3.glbimg.com\/v1\/AUTH_59edd422c0c84a879bd37670ae4f538a\/internal_photos\/bs\/2020\/m\/1\/unJDnSRC2EtxItA9WQ3A\/90664881-1351702105218997-6072432437638463488-n.jpg 2x\"><source srcset=\"https:\/\/s2.glbimg.com\/NA18GZxpLMOsp4qqhF0Ni3dsJIY=\/0x0:960x720\/984x0\/smart\/filters:strip_icc()\/i.s3.glbimg.com\/v1\/AUTH_59edd422c0c84a879bd37670ae4f538a\/internal_photos\/bs\/2020\/m\/1\/unJDnSRC2EtxItA9WQ3A\/90664881-1351702105218997-6072432437638463488-n.jpg 1x, https:\/\/s2.glbimg.com\/Zn2NvwmhBVo2XKPd6hGSNbhpyYM=\/0x0:960x720\/1968x0\/smart\/filters:strip_icc()\/i.s3.glbimg.com\/v1\/AUTH_59edd422c0c84a879bd37670ae4f538a\/internal_photos\/bs\/2020\/m\/1\/unJDnSRC2EtxItA9WQ3A\/90664881-1351702105218997-6072432437638463488-n.jpg 2x\" media=\"(max-width: 1360px)\" data-src=\"https:\/\/s2.glbimg.com\/NA18GZxpLMOsp4qqhF0Ni3dsJIY=\/0x0:960x720\/984x0\/smart\/filters:strip_icc()\/i.s3.glbimg.com\/v1\/AUTH_59edd422c0c84a879bd37670ae4f538a\/internal_photos\/bs\/2020\/m\/1\/unJDnSRC2EtxItA9WQ3A\/90664881-1351702105218997-6072432437638463488-n.jpg 1x, https:\/\/s2.glbimg.com\/Zn2NvwmhBVo2XKPd6hGSNbhpyYM=\/0x0:960x720\/1968x0\/smart\/filters:strip_icc()\/i.s3.glbimg.com\/v1\/AUTH_59edd422c0c84a879bd37670ae4f538a\/internal_photos\/bs\/2020\/m\/1\/unJDnSRC2EtxItA9WQ3A\/90664881-1351702105218997-6072432437638463488-n.jpg 2x\"><source srcset=\"https:\/\/s2.glbimg.com\/GoELQ1KnhtY31ROoTdthGrK9Cfo=\/0x0:960x720\/1000x0\/smart\/filters:strip_icc()\/i.s3.glbimg.com\/v1\/AUTH_59edd422c0c84a879bd37670ae4f538a\/internal_photos\/bs\/2020\/m\/1\/unJDnSRC2EtxItA9WQ3A\/90664881-1351702105218997-6072432437638463488-n.jpg 1x, https:\/\/s2.glbimg.com\/TM9rQEJxMlTfU0W5sXaSfjmrr-Y=\/0x0:960x720\/2000x0\/smart\/filters:strip_icc()\/i.s3.glbimg.com\/v1\/AUTH_59edd422c0c84a879bd37670ae4f538a\/internal_photos\/bs\/2020\/m\/1\/unJDnSRC2EtxItA9WQ3A\/90664881-1351702105218997-6072432437638463488-n.jpg 2x\" media=\"(min-width: 1361px)\" data-src=\"https:\/\/s2.glbimg.com\/GoELQ1KnhtY31ROoTdthGrK9Cfo=\/0x0:960x720\/1000x0\/smart\/filters:strip_icc()\/i.s3.glbimg.com\/v1\/AUTH_59edd422c0c84a879bd37670ae4f538a\/internal_photos\/bs\/2020\/m\/1\/unJDnSRC2EtxItA9WQ3A\/90664881-1351702105218997-6072432437638463488-n.jpg 1x, https:\/\/s2.glbimg.com\/TM9rQEJxMlTfU0W5sXaSfjmrr-Y=\/0x0:960x720\/2000x0\/smart\/filters:strip_icc()\/i.s3.glbimg.com\/v1\/AUTH_59edd422c0c84a879bd37670ae4f538a\/internal_photos\/bs\/2020\/m\/1\/unJDnSRC2EtxItA9WQ3A\/90664881-1351702105218997-6072432437638463488-n.jpg 2x\"><source srcset=\"https:\/\/s2.glbimg.com\/NA18GZxpLMOsp4qqhF0Ni3dsJIY=\/0x0:960x720\/984x0\/smart\/filters:strip_icc()\/i.s3.glbimg.com\/v1\/AUTH_59edd422c0c84a879bd37670ae4f538a\/internal_photos\/bs\/2020\/m\/1\/unJDnSRC2EtxItA9WQ3A\/90664881-1351702105218997-6072432437638463488-n.jpg\" data-src=\"https:\/\/s2.glbimg.com\/NA18GZxpLMOsp4qqhF0Ni3dsJIY=\/0x0:960x720\/984x0\/smart\/filters:strip_icc()\/i.s3.glbimg.com\/v1\/AUTH_59edd422c0c84a879bd37670ae4f538a\/internal_photos\/bs\/2020\/m\/1\/unJDnSRC2EtxItA9WQ3A\/90664881-1351702105218997-6072432437638463488-n.jpg\"><img decoding=\"async\" class=\"image content-media__image progressive-loaded\" title=\"Ideia das fotos emocionou padres e aproximou frequentadores da igreja de Quintana \u2014 Foto: Arquivo pessoal\/Allyson Saulo Cabrini\" src=\"https:\/\/s2.glbimg.com\/NA18GZxpLMOsp4qqhF0Ni3dsJIY=\/0x0:960x720\/984x0\/smart\/filters:strip_icc()\/i.s3.glbimg.com\/v1\/AUTH_59edd422c0c84a879bd37670ae4f538a\/internal_photos\/bs\/2020\/m\/1\/unJDnSRC2EtxItA9WQ3A\/90664881-1351702105218997-6072432437638463488-n.jpg\" alt=\"Ideia das fotos emocionou padres e aproximou frequentadores da igreja de Quintana \u2014 Foto: Arquivo pessoal\/Allyson Saulo Cabrini\" data-src=\"https:\/\/s2.glbimg.com\/NA18GZxpLMOsp4qqhF0Ni3dsJIY=\/0x0:960x720\/984x0\/smart\/filters:strip_icc()\/i.s3.glbimg.com\/v1\/AUTH_59edd422c0c84a879bd37670ae4f538a\/internal_photos\/bs\/2020\/m\/1\/unJDnSRC2EtxItA9WQ3A\/90664881-1351702105218997-6072432437638463488-n.jpg\"><\/picture><\/div>\n<p class=\"content-media__description \">Ideia das fotos emocionou padres e aproximou frequentadores da igreja de Quintana \u2014 Foto: Arquivo pessoal\/Allyson Saulo Cabrini<\/p>\n<\/div>\n<\/div>\n<div class=\"mc-column content-text active-extra-styles \" data-block-type=\"unstyled\" data-block-weight=\"36\" data-block-id=\"14\">\n<p class=\"content-text__container \" data-track-category=\"Link no Texto\" data-track-links=\"\">O religioso tamb\u00e9m explicou ao&nbsp;<strong>G1<\/strong>&nbsp;sobre o papel da igreja neste momento tenso de pandemia do coronav\u00edrus. Segundo ele, os padres da par\u00f3quia t\u00eam se empenhado para levar \u00e0s pessoas um sinal de esperan\u00e7a.<\/p>\n<div class=\"mc-column content-text active-extra-styles \" data-block-type=\"unstyled\" data-block-weight=\"51\" data-block-id=\"16\">\n<p class=\"content-text__container \" data-track-category=\"Link no Texto\" data-track-links=\"\">\u201cEsse tem sido o nosso maior pastoreio agora, fazer a mensagem positiva chegar nas pessoas. Com as d\u00favidas que surgem e as situa\u00e7\u00f5es obscuras que v\u00e3o chegando, a igreja deve ser um espa\u00e7o para confian\u00e7a e o padre precisa animar, reconfortar e ter essa presen\u00e7a de consola\u00e7\u00e3o\u201d, ensina o padre.<\/p>\n<\/div>\n<div class=\"mc-column content-text active-extra-styles\" data-block-type=\"raw\" data-block-weight=\"3\" data-block-id=\"17\">\n<div class=\"content-intertitle\">\n<p><strong>Missa pela internet<\/strong><\/p>\n<\/div>\n<\/div>\n<div class=\"mc-column content-text active-extra-styles \" data-block-type=\"unstyled\" data-block-weight=\"34\" data-block-id=\"18\">\n<p class=\"content-text__container \" data-track-category=\"Link no Texto\" data-track-links=\"\">Para evitar a aglomera\u00e7\u00e3o de pessoas e entendendo que a celebra\u00e7\u00e3o presencial poderia trazer um risco aos frequentadores da igreja, a Diocese de Mar\u00edlia, da qual Quintana faz parte, suspendeu as missas nas par\u00f3quias.<\/p>\n<\/div>\n<div class=\"mc-column content-text active-extra-styles \" data-block-type=\"unstyled\" data-block-weight=\"29\" data-block-id=\"19\">\n<p class=\"content-text__container \" data-track-category=\"Link no Texto\" data-track-links=\"\">Desde o dia 19, a igreja de Quintana come\u00e7ou a transmitir as missas atrav\u00e9s da internet e do r\u00e1dio. A iniciativa, segundo o coordenador Allyson, tem dado certo.<\/p>\n<\/div>\n<div class=\"mc-column content-text active-extra-styles \" data-block-type=\"unstyled\" data-block-weight=\"38\" data-block-id=\"20\">\n<p class=\"content-text__container \" data-track-category=\"Link no Texto\" data-track-links=\"\">\u201cFoi muito nova para a gente essa quest\u00e3o da transmiss\u00e3o. Estamos fazendo via celular simples e amigos tamb\u00e9m colaboram com outros celulares. Nossa transmiss\u00e3o via r\u00e1dio tamb\u00e9m \u00e9 bastante amadora, mas est\u00e1 dando certo\u201d, explica o coordenador.<\/p>\n<\/div>\n<div class=\"mc-column content-text active-extra-styles \" data-block-type=\"unstyled\" data-block-weight=\"6\" data-block-id=\"21\">\n<p class=\"content-text__container \" data-track-category=\"Link no Texto\" data-track-links=\"\"><em>*Colaborou sob supervis\u00e3o de Paola Patriarca<\/em><\/p>\n<\/div>\n<\/div>\n<\/div>\n<\/div>\n<\/div>\n<\/div>\n<p>Par\u00f3quia de Quintana decora bancos com fotos de fi\u00e9is para celebrar missa \u00e0 dist\u00e2ncia \u2014 Foto: Arquivo pessoal\/Allyson Saulo Cabrini<\/p>\n<p>Por J\u00falia Nunes, G1 Bauru e Mar\u00edlia(SP)<\/p>\n","protected":false},"excerpt":{"rendered":"<p>Missas presenciais foram suspensas para evitar a transmiss\u00e3o do coronav\u00edrus. Ideia emocionou padres e aproximou frequentadores da igreja. Uma par\u00f3quia de Quintana (SP) inovou com uma atitude para deixar os padres mais pr\u00f3ximos aos fi\u00e9is durante a missa, mesmo quando o coronav\u00edrus exige que elas sejam feitas a dist\u00e2ncia. Na quarta-feira (25), colaboradores espalharam fotos&nbsp;<\/p>\n<p><a class=\"btn btn-style\" href=\"http:\/\/portalcatolico.net\/portal\/paroquia-coloca-fotos-de-fieis-em-bancos-para-celebrar-missa-lacos-da-fe-nos-unem\/\">Continue Reading<\/a><\/p>\n","protected":false},"author":2,"featured_media":68824,"comment_status":"open","ping_status":"open","sticky":false,"template":"","format":"standard","meta":{"footnotes":""},"categories":[4],"tags":[],"class_list":["post-68823","post","type-post","status-publish","format-standard","has-post-thumbnail","hentry","category-destaques"],"_links":{"self":[{"href":"http:\/\/portalcatolico.net\/portal\/wp-json\/wp\/v2\/posts\/68823","targetHints":{"allow":["GET"]}}],"collection":[{"href":"http:\/\/portalcatolico.net\/portal\/wp-json\/wp\/v2\/posts"}],"about":[{"href":"http:\/\/portalcatolico.net\/portal\/wp-json\/wp\/v2\/types\/post"}],"author":[{"embeddable":true,"href":"http:\/\/portalcatolico.net\/portal\/wp-json\/wp\/v2\/users\/2"}],"replies":[{"embeddable":true,"href":"http:\/\/portalcatolico.net\/portal\/wp-json\/wp\/v2\/comments?post=68823"}],"version-history":[{"count":1,"href":"http:\/\/portalcatolico.net\/portal\/wp-json\/wp\/v2\/posts\/68823\/revisions"}],"predecessor-version":[{"id":68825,"href":"http:\/\/portalcatolico.net\/portal\/wp-json\/wp\/v2\/posts\/68823\/revisions\/68825"}],"wp:featuredmedia":[{"embeddable":true,"href":"http:\/\/portalcatolico.net\/portal\/wp-json\/wp\/v2\/media\/68824"}],"wp:attachment":[{"href":"http:\/\/portalcatolico.net\/portal\/wp-json\/wp\/v2\/media?parent=68823"}],"wp:term":[{"taxonomy":"category","embeddable":true,"href":"http:\/\/portalcatolico.net\/portal\/wp-json\/wp\/v2\/categories?post=68823"},{"taxonomy":"post_tag","embeddable":true,"href":"http:\/\/portalcatolico.net\/portal\/wp-json\/wp\/v2\/tags?post=68823"}],"curies":[{"name":"wp","href":"https:\/\/api.w.org\/{rel}","templated":true}]}}