{"id":68796,"date":"2020-03-26T19:57:44","date_gmt":"2020-03-26T22:57:44","guid":{"rendered":"http:\/\/portalcatolico.net\/portal\/?p=68796"},"modified":"2020-03-26T19:57:44","modified_gmt":"2020-03-26T22:57:44","slug":"papa-francisco-suspende-visitas-ad-limina-dos-bispos-do-brasil-que-ocorreriam-ate-outubro","status":"publish","type":"post","link":"http:\/\/portalcatolico.net\/portal\/papa-francisco-suspende-visitas-ad-limina-dos-bispos-do-brasil-que-ocorreriam-ate-outubro\/","title":{"rendered":"Papa Francisco suspende visitas ad limina dos bispos do Brasil que ocorreriam at\u00e9 outubro"},"content":{"rendered":"<p>Est\u00e3o suspensas as visitas&nbsp;<em>ad limina apostolorum<\/em>&nbsp;dos bispos do Brasil ao Vaticano que estavam agendadas at\u00e9 outubro. \u00c9 o que diz o comunicado enviado a todo o episcopado do pa\u00eds pelo bispo auxiliar do Rio de Janeiro (RJ) e secret\u00e1rio-geral da Confer\u00eancia Nacional dos Bispos do Brasil (CNBB), dom Joel Portella Amado.<\/p>\n<blockquote><p>\u201c<em>A Nunciatura Apost\u00f3lica recebeu comunicado da Congrega\u00e7\u00e3o para os Bispos onde se informa que o Santo Padre, considerando o atual quadro pand\u00eamico gerado pelo coronavirus, optou por&nbsp;<strong>suspender as visitas ad limina que estavam marcadas at\u00e9 outubro<\/strong><\/em>\u201d, diz o comunicado.<\/p><\/blockquote>\n<p>Segundo dom Joel, a Congrega\u00e7\u00e3o para os Bispos ainda pede que os Regionais da CNBB continuem a enviar os relat\u00f3rios das dioceses \u201cnos prazos e nos formatos solicitados\u201d.<\/p>\n<blockquote><p>\u201c<em>A Presid\u00eancia da CNBB est\u00e1 acompanhando a triste realidade que se abateu sobre o mundo, chegando ao nosso Brasil. Une-se em ora\u00e7\u00e3o e colabora\u00e7\u00e3o com os irm\u00e3os bispos nesse momento de perplexidade, mas tamb\u00e9m de confian\u00e7a em Deus, solidariedade e esperan\u00e7a<\/em>\u201d, escreveu dom Joel.<\/p><\/blockquote>\n<p>At\u00e9 o momento j\u00e1 realizaram as visitas<em>&nbsp;ad limina<\/em>&nbsp;os regionais Centro-Oeste (entre os dias 10 e 17 de fevereiro) e Sul 2 (17 a 27 de fevereiro) da CNBB. Com previs\u00e3o para ocorrer entre os dias 21 e 30 de mar\u00e7o, a visita do Regional Sul 3 foi a primeira a ser suspensa, ainda no in\u00edcio deste m\u00eas, j\u00e1 em decorr\u00eancia das consequ\u00eancias do avan\u00e7o do novo coronav\u00edrus na It\u00e1lia.<\/p>\n<h3>Tradi\u00e7\u00e3o<\/h3>\n<p>As visitas&nbsp;<em>ad limina apostolorum<\/em>&nbsp;s\u00e3o peregrina\u00e7\u00f5es ao Vaticano realizada pelos bispos de uma determinada localidade a cada cinco anos. O nome, em latim, significa no limiar, na soleira, nos limites ou estradas das Bas\u00edlicas dos Ap\u00f3stolos Pedro e Paulo. Segundo a tradi\u00e7\u00e3o, os bispos diocesanos visitam os sepulcros dos Ap\u00f3stolos conservados na Cidade de Roma.<\/p>\n<p>O ponto alto da visita \u00e9 o encontro com o Papa. Os bispos tamb\u00e9m t\u00eam reuni\u00f5es nos v\u00e1rios Dicast\u00e9rios da Santa S\u00e9. No Brasil, a visita \u00e9 dividida pelos dezoito regionais da Confer\u00eancia Episcopal, no caso a CNBB. O regional Sul 4 seria o \u00faltimo a realizar a visita, em outubro.<\/p>\n<p>As \u00faltimas visitas<em>&nbsp;ad limina<\/em>&nbsp;dos bispos do Brasil foram em 2010.(CNBB)<\/p>\n","protected":false},"excerpt":{"rendered":"<p>Est\u00e3o suspensas as visitas&nbsp;ad limina apostolorum&nbsp;dos bispos do Brasil ao Vaticano que estavam agendadas at\u00e9 outubro. \u00c9 o que diz o comunicado enviado a todo o episcopado do pa\u00eds pelo bispo auxiliar do Rio de Janeiro (RJ) e secret\u00e1rio-geral da Confer\u00eancia Nacional dos Bispos do Brasil (CNBB), dom Joel Portella Amado. \u201cA Nunciatura Apost\u00f3lica recebeu&nbsp;<\/p>\n<p><a class=\"btn btn-style\" href=\"http:\/\/portalcatolico.net\/portal\/papa-francisco-suspende-visitas-ad-limina-dos-bispos-do-brasil-que-ocorreriam-ate-outubro\/\">Continue Reading<\/a><\/p>\n","protected":false},"author":2,"featured_media":68797,"comment_status":"open","ping_status":"open","sticky":false,"template":"","format":"standard","meta":{"footnotes":""},"categories":[4],"tags":[],"class_list":["post-68796","post","type-post","status-publish","format-standard","has-post-thumbnail","hentry","category-destaques"],"_links":{"self":[{"href":"http:\/\/portalcatolico.net\/portal\/wp-json\/wp\/v2\/posts\/68796","targetHints":{"allow":["GET"]}}],"collection":[{"href":"http:\/\/portalcatolico.net\/portal\/wp-json\/wp\/v2\/posts"}],"about":[{"href":"http:\/\/portalcatolico.net\/portal\/wp-json\/wp\/v2\/types\/post"}],"author":[{"embeddable":true,"href":"http:\/\/portalcatolico.net\/portal\/wp-json\/wp\/v2\/users\/2"}],"replies":[{"embeddable":true,"href":"http:\/\/portalcatolico.net\/portal\/wp-json\/wp\/v2\/comments?post=68796"}],"version-history":[{"count":1,"href":"http:\/\/portalcatolico.net\/portal\/wp-json\/wp\/v2\/posts\/68796\/revisions"}],"predecessor-version":[{"id":68798,"href":"http:\/\/portalcatolico.net\/portal\/wp-json\/wp\/v2\/posts\/68796\/revisions\/68798"}],"wp:featuredmedia":[{"embeddable":true,"href":"http:\/\/portalcatolico.net\/portal\/wp-json\/wp\/v2\/media\/68797"}],"wp:attachment":[{"href":"http:\/\/portalcatolico.net\/portal\/wp-json\/wp\/v2\/media?parent=68796"}],"wp:term":[{"taxonomy":"category","embeddable":true,"href":"http:\/\/portalcatolico.net\/portal\/wp-json\/wp\/v2\/categories?post=68796"},{"taxonomy":"post_tag","embeddable":true,"href":"http:\/\/portalcatolico.net\/portal\/wp-json\/wp\/v2\/tags?post=68796"}],"curies":[{"name":"wp","href":"https:\/\/api.w.org\/{rel}","templated":true}]}}