{"id":68767,"date":"2020-03-19T23:40:37","date_gmt":"2020-03-20T02:40:37","guid":{"rendered":"http:\/\/portalcatolico.net\/portal\/?p=68767"},"modified":"2020-03-21T20:44:02","modified_gmt":"2020-03-21T23:44:02","slug":"nota-do-regional-ne-3-sobre-o-enfrentamento-ao-covid-19","status":"publish","type":"post","link":"http:\/\/portalcatolico.net\/portal\/nota-do-regional-ne-3-sobre-o-enfrentamento-ao-covid-19\/","title":{"rendered":"Nota do Regional NE 3 sobre o enfrentamento ao COVID-19"},"content":{"rendered":"<p>Os bispos do Regional Nordeste 3 da CNBB, atrav\u00e9s da sua presid\u00eancia, emitiram uma nota em solidariedade e proximidade a todo povo brasileiro que enfrenta a pandemia do novo coronav\u00edrus (COVID-19). No texto, os bispos pedem aos fi\u00e9is que sigam as orienta\u00e7\u00f5es das autoridades de sa\u00fade e sanit\u00e1rias, bem como as recomenda\u00e7\u00f5es pastorais de cada em sua diocese. Al\u00e9m disso, h\u00e1 um convite para que todos os crist\u00e3os e crist\u00e3s renovem a esperan\u00e7a em Deus para superar com coragem esta doen\u00e7a que atingem a tantas pessoas. <strong>Leia a nota completa, a seguir:<\/strong><\/p>\n<p><strong>NOTA DA PRESID\u00caNCIA DO REGIONAL NORDESTE 3 DA CNBB SOBRE O&nbsp;<\/strong><strong>ENFRENTAMENTO AO NOVO CORONAV\u00cdRUS<\/strong><\/p>\n<p>\u201cSe Deus \u00e9 por n\u00f3s, quem ser\u00e1 contra n\u00f3s?\u201d (Ro 8, 31).<\/p>\n<p>01- Unidos aos nossos irm\u00e3os bispos, encorajamos nossos fies a viverem com a for\u00e7a da f\u00e9 e a certeza da esperan\u00e7a pascal este momento de prova\u00e7\u00e3o que estamos vivendo nesse tempo quaresmal.<\/p>\n<p>02- Diante do complexo quadro que estamos vivendo com a expans\u00e3o do coronav\u00edrus (COVID-19), considerado uma pandemia pela Organiza\u00e7\u00e3o Mundial da Sa\u00fade (OMS); em conson\u00e2ncia com as orienta\u00e7\u00f5es emitidas pelo Minist\u00e9rio da Sa\u00fade, pelas Secretarias Estaduais de Sa\u00fade e demais autoridades e \u00f3rg\u00e3os de controle sanit\u00e1rio; em sintonia com as orienta\u00e7\u00f5es da CNBB e em comunh\u00e3o com as Dioceses deste Regional,no esfor\u00e7o comum de adotar medidas contra a expans\u00e3o do coronav\u00edrus, manifestamos nossa solidariedade e proximidade ao nosso povo e pedimos que, enquanto durar o estado de alerta, as Comiss\u00f5es Pastorais, Movimentos, Organismos de Comunh\u00e3o e Servi\u00e7os presentes em nosso Regional revejam os cronogramas de encontros suspendendo todas as atividades que possam aglomerar pessoas.<\/p>\n<p>03- Que os fi\u00e9is acolham as orienta\u00e7\u00f5es e medidas adotadas por seus bispos em suas respectivas dioceses.<\/p>\n<p>04- Que cada um siga fielmente as orienta\u00e7\u00f5es de higieniza\u00e7\u00e3o, cuidados ao tossir e o distanciamento social.<\/p>\n<p>05- Neste tempo de incertezas, como enfatiza a Presid\u00eancia da CNBB, cabe a cada um de n\u00f3s manifestar a solidariedade e o compromisso com a vida. \u201cN\u00e3o temamos manifestar a solidariedade e esperan\u00e7a. Superemos a indiferen\u00e7a\u201d e \u201cevitemos que o medo nos torne mais vulner\u00e1veis\u201d (Nota da CNBB \u201cTempos de Esperan\u00e7a e Solidariedade\u201d, emitida no dia 14 de mar\u00e7o).<\/p>\n<p>06- Recuperemos o sentido da fam\u00edlia como Igreja Dom\u00e9stica, para que cada lar crist\u00e3o seja um espa\u00e7o para as ora\u00e7\u00f5es conjuntas, para a recita\u00e7\u00e3o da Liturgia das Horas, para a reza do Ter\u00e7o, novenas e c\u00edrculos b\u00edblicos e demais iniciativas de espiritualidade que podem ser feitas no pr\u00f3prio lar.<\/p>\n<p>07- Que as equipes da Pastoral da Comunica\u00e7\u00e3o sejam incentivadas, em suas respectivas comunidades a utilizarem os recursos tecnol\u00f3gicos dispon\u00edveis para transmiss\u00f5es e propaga\u00e7\u00e3o da f\u00e9, dos cultos e celebra\u00e7\u00f5es, bem como contribuam com a difus\u00e3o de informa\u00e7\u00f5es ver\u00eddicas e de qualidade capazes de combater as fakenews que causam p\u00e2nico, geram d\u00favidas e atrapalham a circula\u00e7\u00e3o de informa\u00e7\u00f5es aut\u00eanticas e \u00fateis para a popula\u00e7\u00e3o.<\/p>\n<p>08- Que cada um de n\u00f3s procure fazer a sua parte e continuemos rezando pelo mundo inteiro,&nbsp;especialmente pelas v\u00edtimas e pelos profissionais de sa\u00fade que est\u00e3o buscando uma solu\u00e7\u00e3o para essa pandemia.<\/p>\n<p>09- Que o Bom Deus nos acompanhe nessa hora. Que Nossa Senhora da Concei\u00e7\u00e3o nos livre dessa<br \/>\npandemia!<\/p>\n<p>Salvador (BA), 18 de mar\u00e7o de 2020.<\/p>\n<p><strong>Presid\u00eancia do Regional Nordeste 3<\/strong><\/p>\n<p><strong>Dom Jo\u00e3o Santos Cardoso<\/strong><br \/>\nPresidente<\/p>\n<p><strong>Dom Frei Carlos Alberto Breis Pereira, OFM<\/strong><br \/>\nVice-Presidente<\/p>\n<p><strong>Dom Vitor Menezes<\/strong><br \/>\nSecret\u00e1rio<\/p>\n<p>Fonte: CNBB NE3<\/p>\n","protected":false},"excerpt":{"rendered":"<p>Os bispos do Regional Nordeste 3 da CNBB, atrav\u00e9s da sua presid\u00eancia, emitiram uma nota em solidariedade e proximidade a todo povo brasileiro que enfrenta a pandemia do novo coronav\u00edrus (COVID-19). No texto, os bispos pedem aos fi\u00e9is que sigam as orienta\u00e7\u00f5es das autoridades de sa\u00fade e sanit\u00e1rias, bem como as recomenda\u00e7\u00f5es pastorais de cada&nbsp;<\/p>\n<p><a class=\"btn btn-style\" href=\"http:\/\/portalcatolico.net\/portal\/nota-do-regional-ne-3-sobre-o-enfrentamento-ao-covid-19\/\">Continue Reading<\/a><\/p>\n","protected":false},"author":2,"featured_media":68768,"comment_status":"open","ping_status":"open","sticky":false,"template":"","format":"standard","meta":{"footnotes":""},"categories":[3],"tags":[],"class_list":["post-68767","post","type-post","status-publish","format-standard","has-post-thumbnail","hentry","category-noticias_regionais"],"_links":{"self":[{"href":"http:\/\/portalcatolico.net\/portal\/wp-json\/wp\/v2\/posts\/68767","targetHints":{"allow":["GET"]}}],"collection":[{"href":"http:\/\/portalcatolico.net\/portal\/wp-json\/wp\/v2\/posts"}],"about":[{"href":"http:\/\/portalcatolico.net\/portal\/wp-json\/wp\/v2\/types\/post"}],"author":[{"embeddable":true,"href":"http:\/\/portalcatolico.net\/portal\/wp-json\/wp\/v2\/users\/2"}],"replies":[{"embeddable":true,"href":"http:\/\/portalcatolico.net\/portal\/wp-json\/wp\/v2\/comments?post=68767"}],"version-history":[{"count":2,"href":"http:\/\/portalcatolico.net\/portal\/wp-json\/wp\/v2\/posts\/68767\/revisions"}],"predecessor-version":[{"id":68771,"href":"http:\/\/portalcatolico.net\/portal\/wp-json\/wp\/v2\/posts\/68767\/revisions\/68771"}],"wp:featuredmedia":[{"embeddable":true,"href":"http:\/\/portalcatolico.net\/portal\/wp-json\/wp\/v2\/media\/68768"}],"wp:attachment":[{"href":"http:\/\/portalcatolico.net\/portal\/wp-json\/wp\/v2\/media?parent=68767"}],"wp:term":[{"taxonomy":"category","embeddable":true,"href":"http:\/\/portalcatolico.net\/portal\/wp-json\/wp\/v2\/categories?post=68767"},{"taxonomy":"post_tag","embeddable":true,"href":"http:\/\/portalcatolico.net\/portal\/wp-json\/wp\/v2\/tags?post=68767"}],"curies":[{"name":"wp","href":"https:\/\/api.w.org\/{rel}","templated":true}]}}