{"id":68732,"date":"2020-03-19T22:18:25","date_gmt":"2020-03-20T01:18:25","guid":{"rendered":"http:\/\/portalcatolico.net\/portal\/?p=68732"},"modified":"2020-03-19T22:22:10","modified_gmt":"2020-03-20T01:22:10","slug":"papa-tudo-parece-vacilar-o-terco-nos-mantem-firmes-naquilo-que-realmente-conta","status":"publish","type":"post","link":"http:\/\/portalcatolico.net\/portal\/papa-tudo-parece-vacilar-o-terco-nos-mantem-firmes-naquilo-que-realmente-conta\/","title":{"rendered":"Papa: tudo parece vacilar. O Ter\u00e7o nos mant\u00e9m firmes naquilo que realmente conta"},"content":{"rendered":"<div class=\"article__subTitle\">O Papa Francisco se uniu espiritualmente aos fi\u00e9is que, \u00e0s 21h locais (17h em Bras\u00edlia), rezaram o Ter\u00e7o a convite dos bispos italianos, em meio \u00e0 emerg\u00eancia provocada pelo coronav\u00edrus. O Papa exorta todos \u00e0 esperan\u00e7a e ao exerc\u00edcio da proximidade em fam\u00edlia, atrav\u00e9s da compreens\u00e3o, da paci\u00eancia e do perd\u00e3o. O Pont\u00edfice invoca S\u00e3o Jos\u00e9 para que proteja a It\u00e1lia<\/div>\n<div class=\"title__separator\">&nbsp;<\/div>\n<div class=\"article__text\">\n<p><i>Nesta situa\u00e7\u00e3o in\u00e9dita, em que tudo parece vacilar, ajudemo-nos a permanecer unidos naquilo que realmente conta.<\/i><\/p>\n<p>Foi o que disse o Papa Francisco numa videomensagem aos fi\u00e9is na It\u00e1lia e de todo o mundo, inclusive do Brasil, ao aderir \u00e0 iniciativa dos bispos italianos de rezar o&nbsp;Ter\u00e7o&nbsp;na noite de quinta-feira, para pedir o fim da pandemia de coronav\u00edrus.&nbsp;<\/p>\n<p><strong>O Ter\u00e7o, a ora\u00e7\u00e3o dos humildes e dos santos<\/strong><\/p>\n<p>A iniciativa da Confer\u00eancia Episcopal Italiana, observa Francisco, \u00e9 a mesma que tantos bispos nesses dias dirigiram aos fi\u00e9is de suas dioceses, buscando \u201camparar com sua palavra a esperan\u00e7a e a f\u00e9\u201d do povo. O Pont\u00edfice ent\u00e3o descreve assim a ora\u00e7\u00e3o da Ave-Maria, repetida 50 vezes, recomendada pela pr\u00f3pria Virgem:<\/p>\n<p><i>A ora\u00e7\u00e3o do Ter\u00e7o \u00e9 a ora\u00e7\u00e3o dos humildes e dos santos que, nos seus mist\u00e9rios, com Maria contemplam a vida de Jesus, rosto misericordioso do Pai. E quanta necessidade todos temos de ser realmente consolados, de nos sentir envolvidos pela sua presen\u00e7a de amor!<\/i><\/p>\n<p><strong>A compreens\u00e3o e o perd\u00e3o em fam\u00edlia<\/strong><\/p>\n<p>\u00c9 na rela\u00e7\u00e3o com os outros, diz ainda o Papa, que n\u00f3s experimentamos a verdade desta presen\u00e7a, e num momento como este em que os outros s\u00e3o \u201cos familiares mais \u00edntimos\u201d, Francisco convida a fazer-se \u201cpr\u00f3ximo um do outro, exercitando n\u00f3s por primeiro a caridade, a compreens\u00e3o, a paci\u00eancia e o perd\u00e3o\u201d. Alargando o cora\u00e7\u00e3o para que \u201co outro possa sempre encontrar disponibilidade e acolhimento\u201d. E prossegue:<\/p>\n<p><i>Esta noite rezemos unidos, confiemo-nos \u00e0 intercess\u00e3o de S\u00e3o Jos\u00e9, Protetor da Sagrada Fam\u00edlia, Protetor de todas as nossas fam\u00edlias. Tamb\u00e9m o carpinteiro de Nazar\u00e9 conheceu a precariedade e a amargura, a preocupa\u00e7\u00e3o pelo amanh\u00e3; mas soube caminhar na escurid\u00e3o de alguns momentos, deixando-se guiar sempre, sem reservas, pela vontade de Deus.<\/i><\/p>\n<p><strong>A invoca\u00e7\u00e3o do Papa a S\u00e3o Jos\u00e9<\/strong><\/p>\n<p>A mensagem de Francisco prossegue com uma s\u00faplica ao esposo de Maria, de quem a Igreja celebra hoje a Solenidade. Eis as suas palavras:<\/p>\n<p><i>Protegei, Santo Defensor, este nosso Pa\u00eds.<\/i><\/p>\n<p><i>Iluminai os respons\u00e1veis pelo bem comum, para que saibam \u2013 como v\u00f3s \u2013 cuidar das pessoas confiadas \u00e0 responsabilidade deles.<\/i><\/p>\n<p><i>Concedei a intelig\u00eancia da ci\u00eancia \u00e0queles que procuram meios adequados para a sa\u00fade e o bem f\u00edsico dos irm\u00e3os.<\/i><\/p>\n<p><i>Sustentai aqueles que se dedicam aos necessitados: os volunt\u00e1rios, os enfermeiros, os m\u00e9dicos, que est\u00e3o na linha de frente no tratamento dos doentes, mesmo \u00e0 custa da pr\u00f3pria incolumidade.<\/i><\/p>\n<p><i>Aben\u00e7oai, S\u00e3o Jos\u00e9, a Igreja: a partir de seus ministros, fazei-a sinal e instrumento da vossa luz e da vossa bondade.<\/i><\/p>\n<p><i>Acompanhai, S\u00e3o Jos\u00e9, as fam\u00edlias: com o vosso sil\u00eancio orante, constru\u00ed a harmonia entre os pais e os filhos, de modo particular os mais pequeninos.<\/i><\/p>\n<p><i>Preservai os anci\u00e3os da solid\u00e3o: fazei que ningu\u00e9m seja deixado no desespero do abandono e do desencorajamento.<\/i><\/p>\n<p><i>Consolai quem \u00e9 mais fr\u00e1gil, encorajai quem vacila, intercedei pelos pobres.<\/i><\/p>\n<p><i>Com a Virgem M\u00e3e, suplicai ao Senhor para que liberte o mundo de toda forma de pandemia.<\/i><\/p>\n<p>Fonte: Vatican News<\/p>\n<\/div>\n","protected":false},"excerpt":{"rendered":"<p>O Papa Francisco se uniu espiritualmente aos fi\u00e9is que, \u00e0s 21h locais (17h em Bras\u00edlia), rezaram o Ter\u00e7o a convite dos bispos italianos, em meio \u00e0 emerg\u00eancia provocada pelo coronav\u00edrus. O Papa exorta todos \u00e0 esperan\u00e7a e ao exerc\u00edcio da proximidade em fam\u00edlia, atrav\u00e9s da compreens\u00e3o, da paci\u00eancia e do perd\u00e3o. O Pont\u00edfice invoca S\u00e3o&nbsp;<\/p>\n<p><a class=\"btn btn-style\" href=\"http:\/\/portalcatolico.net\/portal\/papa-tudo-parece-vacilar-o-terco-nos-mantem-firmes-naquilo-que-realmente-conta\/\">Continue Reading<\/a><\/p>\n","protected":false},"author":2,"featured_media":68496,"comment_status":"open","ping_status":"open","sticky":false,"template":"","format":"standard","meta":{"footnotes":""},"categories":[5],"tags":[],"class_list":["post-68732","post","type-post","status-publish","format-standard","has-post-thumbnail","hentry","category-igreja_no_mundo"],"_links":{"self":[{"href":"http:\/\/portalcatolico.net\/portal\/wp-json\/wp\/v2\/posts\/68732","targetHints":{"allow":["GET"]}}],"collection":[{"href":"http:\/\/portalcatolico.net\/portal\/wp-json\/wp\/v2\/posts"}],"about":[{"href":"http:\/\/portalcatolico.net\/portal\/wp-json\/wp\/v2\/types\/post"}],"author":[{"embeddable":true,"href":"http:\/\/portalcatolico.net\/portal\/wp-json\/wp\/v2\/users\/2"}],"replies":[{"embeddable":true,"href":"http:\/\/portalcatolico.net\/portal\/wp-json\/wp\/v2\/comments?post=68732"}],"version-history":[{"count":1,"href":"http:\/\/portalcatolico.net\/portal\/wp-json\/wp\/v2\/posts\/68732\/revisions"}],"predecessor-version":[{"id":68733,"href":"http:\/\/portalcatolico.net\/portal\/wp-json\/wp\/v2\/posts\/68732\/revisions\/68733"}],"wp:featuredmedia":[{"embeddable":true,"href":"http:\/\/portalcatolico.net\/portal\/wp-json\/wp\/v2\/media\/68496"}],"wp:attachment":[{"href":"http:\/\/portalcatolico.net\/portal\/wp-json\/wp\/v2\/media?parent=68732"}],"wp:term":[{"taxonomy":"category","embeddable":true,"href":"http:\/\/portalcatolico.net\/portal\/wp-json\/wp\/v2\/categories?post=68732"},{"taxonomy":"post_tag","embeddable":true,"href":"http:\/\/portalcatolico.net\/portal\/wp-json\/wp\/v2\/tags?post=68732"}],"curies":[{"name":"wp","href":"https:\/\/api.w.org\/{rel}","templated":true}]}}