{"id":68596,"date":"2020-03-04T20:28:33","date_gmt":"2020-03-04T23:28:33","guid":{"rendered":"http:\/\/portalcatolico.net\/portal\/?p=68596"},"modified":"2020-03-04T20:28:33","modified_gmt":"2020-03-04T23:28:33","slug":"oracao-esmola-e-jejum-companheiros-de-viagem-da-quaresma","status":"publish","type":"post","link":"http:\/\/portalcatolico.net\/portal\/oracao-esmola-e-jejum-companheiros-de-viagem-da-quaresma\/","title":{"rendered":"Ora\u00e7\u00e3o, esmola e jejum, &#8220;companheiros de viagem&#8221; da Quaresma"},"content":{"rendered":"<p>O deserto \u00e9 o lugar do distanciamento do barulho que nos cerca. \u00c9 aus\u00eancia de palavras para dar lugar a outra Palavra, a Palavra de Deus, que acaricia nossos cora\u00e7\u00f5es como uma brisa leve. O deserto \u00e9 o lugar da Palavra, com letra mai\u00fascula&#8221;&nbsp;<\/p>\n<div class=\"article__subTitle\">Durante seu Pontificado, o Papa Francisco tem recordado repetidamente que a Quaresma \u00e9 um momento prop\u00edcio para uma aut\u00eantica convers\u00e3o do cora\u00e7\u00e3o.<\/div>\n<div>A Quaresma \u00e9 um itiner\u00e1rio que conduz ao Tr\u00edduo Pascal. Para S\u00e3o Paulo, \u00e9 &#8220;o momento favor\u00e1vel&#8221; para fazer &#8220;um caminho de verdadeira convers\u00e3o&#8221;. Para Santo Agostinho, \u00e9 o s\u00edmbolo da vida do homem. Este tempo, iniciado com a Quarta-feira de cinzas, interpela os crist\u00e3os a viverem mais intensamente o \u00e1pice do Ano Lit\u00fargico, o Mist\u00e9rio Pascal.<\/div>\n<div>\n<p><strong>Caminho de convers\u00e3o<\/strong><\/p>\n<p>&#8220;Rezemos, jejuemos e realizemos as obras de miseric\u00f3rdia neste tempo de gra\u00e7a \u2013 escreveu o Papa no tweet de 27 de fevereiro passado &#8211; para que o Senhor possa encontrar nossos cora\u00e7\u00f5es prontos para ench\u00ea-los com a vit\u00f3ria de seu amor&#8221;. O caminho da Quaresma, explicou o Pont\u00edfice na&nbsp;mensagem quaresmal&nbsp;de 2019, \u00e9 um itiner\u00e1rio de convers\u00e3o atrav\u00e9s da ora\u00e7\u00e3o, esmola e jejum.<\/p>\n<div>\n<div class=\"article__embed article__embed--border embed_style\">\n<blockquote><p>\u201cJejuar, isto \u00e9, aprender a modificar a nossa atitude para com os outros e as criaturas: passar da tenta\u00e7\u00e3o de \u00abdevorar\u00bb tudo para satisfazer a nossa voracidade, \u00e0 capacidade de sofrer por amor, que pode preencher o vazio do nosso cora\u00e7\u00e3o. Orar, para saber renunciar \u00e0 idolatria e \u00e0 autossufici\u00eancia do nosso eu, e nos declararmos necessitados do Senhor e da sua miseric\u00f3rdia. Dar esmola, para sair da insensatez de viver e acumular tudo para n\u00f3s mesmos, com a ilus\u00e3o de assegurarmos um futuro que n\u00e3o nos pertence\u201d. (Mensagem do Papa Francisco para a Quaresma de 2019)\u201d<\/p><\/blockquote>\n<\/div>\n<\/div>\n<p><strong>Investir em um tesouro que dura<\/strong><\/p>\n<p>A Quaresma \u00e9 uma &#8220;viagem de retorno ao essencial&#8221;. A esmola, a ora\u00e7\u00e3o e o jejum \u2013 nos recordou na&nbsp;Missa na Bas\u00edlica de Santa Sabina, em 6 de mar\u00e7o de 2019 &#8211; s\u00e3o tr\u00eas est\u00e1gios que o Senhor pede para seguir sem hipocrisia. Para que eles servem?<\/p>\n<div>\n<div class=\"article__embed article__embed--border embed_style\">\n<blockquote><p>\u201cA esmola, a ora\u00e7\u00e3o e o jejum reconduzem-nos \u00e0s \u00fanicas tr\u00eas realidades que n\u00e3o se dissipam. A ora\u00e7\u00e3o liga-nos a Deus; a caridade, ao pr\u00f3ximo; o jejum, a n\u00f3s mesmos. Deus, os irm\u00e3os, a minha vida: tais s\u00e3o as realidades, que n\u00e3o acabam em nada e sobre as quais \u00e9 preciso investir. Eis para onde nos convida a olhar a Quaresma: para o Alto, com a ora\u00e7\u00e3o, que liberta duma vida horizontal e rastejante, onde se encontra tempo para si pr\u00f3prio, mas se esquece Deus. E depois para o outro, com a caridade, que liberta da nulidade do ter, de pensar que as coisas est\u00e3o bem se para mim correm bem. Por \u00faltimo, convida-nos a olhar para dentro de n\u00f3s mesmos, com o jejum, que liberta do apego \u00e0s coisas, do mundanismo que anestesia o cora\u00e7\u00e3o. Ora\u00e7\u00e3o, caridade, jejum: tr\u00eas investimentos num tesouro que dura. (Santa Missa de 6 de mar\u00e7o de 2019, homilia do Papa Francisco)\u201d<\/p><\/blockquote>\n<\/div>\n<\/div>\n<p><strong>A esmola liberta da gan\u00e2ncia<\/strong><\/p>\n<p>&#8220;Cada esmola \u00e9 uma ocasi\u00e3o de tomar parte na Provid\u00eancia de Deus para com os seus filhos\u201d, e escreveu o Papa escreve na&nbsp;mensagem para a Quaresma de 2018, indicando na partilha a verdadeira riqueza:<\/p>\n<div>\n<div class=\"article__embed article__embed--border embed_style\">\n<blockquote><p>\u201cA pr\u00e1tica da esmola liberta-nos da gan\u00e2ncia e ajuda-nos a descobrir que o outro \u00e9 nosso irm\u00e3o: aquilo que possuo, nunca \u00e9 s\u00f3 meu. Como gostaria que a esmola se tornasse um verdadeiro estilo de vida para todos! Como gostaria que, como crist\u00e3os, segu\u00edssemos o exemplo dos Ap\u00f3stolos e v\u00edssemos, na possibilidade de partilhar com os outros os nossos bens, um testemunho concreto da comunh\u00e3o que vivemos na Igreja. (Mensagem do Papa Francisco para a Quaresma de 2018)\u201d<\/p><\/blockquote>\n<\/div>\n<\/div>\n<p><strong>Ora\u00e7\u00e3o e &#8220;agonismo espiritual&#8221;<\/strong><\/p>\n<p>A Quaresma \u00e9 tamb\u00e9m o tempo da prova\u00e7\u00e3o, da resist\u00eancia \u00e0s tenta\u00e7\u00f5es. No&nbsp;<i>Angelus<\/i>, em 18 de fevereiro de 2018, o Santo Padre nos recorda que a ora\u00e7\u00e3o, com a ajuda do Senhor, \u00e9 a arma para vencer o Maligno.<\/p>\n<div>\n<div class=\"article__embed article__embed--border embed_style\">\n<blockquote><p>\u201cA Quaresma \u00e9 um tempo de \u201cagonismo\u201d espiritual, de luta espiritual: somos chamados a enfrentar o Maligno mediante a ora\u00e7\u00e3o para sermos capazes, com a ajuda de Deus, de o vencer na nossa vida quotidiana. N\u00f3s sabemo-lo, o mal infelizmente age na nossa exist\u00eancia e \u00e0 nossa volta, onde se manifestam viol\u00eancias, rejei\u00e7\u00e3o do outro, fechamentos, guerras, injusti\u00e7as. Estas s\u00e3o todas obras do maligno, do mal. (Angelus, 18 de fevereiro de 2018)\u201d<\/p>\n<p><strong>O verdadeiro jejum<\/strong><\/p><\/blockquote>\n<\/div>\n<\/div>\n<\/div>\n<div class=\"title__separator\">\n<div>\n<aside class=\"article__readmore\">\n<div class=\"teaser--labelEvidence teaser teaser--type-video\">\n<article>\n<div class=\"teaser__contentWrapper\">\n<div>A Quaresma \u00e9, portanto, um tempo privilegiado de jejum. Mas qual o jejum que o Senhor deseja do homem? Esta \u00e9 a pergunta que guia, em 16 de fevereiro de 2018, a medita\u00e7\u00e3o matutina do Papa Francisco na capela do &#8220;Domus Sanctae Marthae&#8221;. O verdadeiro jejum, enfatiza o Papa, \u00e9 aquele feito com coer\u00eancia, n\u00e3o para ser visto. O verdadeiro jejum requer a gra\u00e7a da coer\u00eancia. \u00c9 precisamente a Primeira Leitura, tirada do Livro do Profeta Isa\u00edas (Is 58.1-9a), a destacar qual \u00e9 o jejum que o Senhor deseja: &#8220;\u00e9 romper as cadeias injustas, desatar as cordas do jugo, mandar embora livres os oprimidos, e quebrar toda esp\u00e9cie de jugo.&#8221;<\/div>\n<div>\n<div>\n<div class=\"article__embed article__embed--border embed_style\">\n<blockquote><p>\u201cMeu jejum chega a ajudar os outros? Se n\u00e3o chega, \u00e9 falso, \u00e9 incoerente e te leva pelo caminho de uma vida dupla. Eu finjo ser crist\u00e3o, justo &#8230; como os fariseus, como os saduceus. Mas, por dentro, n\u00e3o o sou. (Missa na Casa Santa Marta, 16 de fevereiro de 2018)\u201d<\/p><\/blockquote>\n<\/div>\n<\/div>\n<p><strong>Convers\u00e3o do cora\u00e7\u00e3o<\/strong><\/p>\n<p>A Quaresma \u00e9 &#8220;o tempo prop\u00edcio para abrir espa\u00e7o \u00e0 Palavra de Deus&#8221;. O Papa Francisco recorda isso na&nbsp;Audi\u00eancia Geral&nbsp;de 26 de fevereiro, acrescentando que este \u00e9 &#8220;o tempo de desligar a televis\u00e3o e abrir a B\u00edblia&#8221;, o tempo de &#8220;separar-se do telefone celular e conectar-se ao Evangelho&#8221;. &#8220;\u00c9 o tempo para renunciar \u00e0s palavras in\u00fateis&#8221; e de dedicar-se a &#8220;uma ecologia saud\u00e1vel do cora\u00e7\u00e3o&#8221;. O significado do caminho quaresmal, quarenta dias em dire\u00e7\u00e3o \u00e0 P\u00e1scoa, est\u00e1 ligado ao significado espiritual do deserto: &#8220;O deserto \u00e9 o lugar do afastamento do barulho que nos cerca. \u00c9 aus\u00eancia de palavras para dar lugar a outra Palavra, a Palavra de Deus, que acaricia nossos cora\u00e7\u00f5es como uma brisa leve. O deserto \u00e9 o lugar da Palavra, com letra mai\u00fascula&#8221;:<\/p>\n<div>\n<div class=\"article__embed article__embed--border embed_style\">\n<blockquote><p>\u201cQue a Quaresma possa reavivar em voc\u00eas o desejo de viver na Palavra de Deus e na esperan\u00e7a da Ressurrei\u00e7\u00e3o. Que a ora\u00e7\u00e3o, o jejum e a esmola vos ajudem na convers\u00e3o do cora\u00e7\u00e3o e vos preparem para viver o Tr\u00edduo Pascal: o mist\u00e9rio da paix\u00e3o, morte e ressurrei\u00e7\u00e3o de Cristo. (Audi\u00eancia geral, 26 de fevereiro de 2020)\u201d<\/p><\/blockquote>\n<\/div>\n<\/div>\n<\/div>\n<\/div>\n<\/article>\n<\/div>\n<\/aside>\n<\/div>\n<\/div>\n<div class=\"article__text\"><b>Por&nbsp;<\/b><b>Amedeo Lomonaco\/Vatican News&nbsp;<\/b><\/div>\n<p>&nbsp;<\/p>\n","protected":false},"excerpt":{"rendered":"<p>O deserto \u00e9 o lugar do distanciamento do barulho que nos cerca. \u00c9 aus\u00eancia de palavras para dar lugar a outra Palavra, a Palavra de Deus, que acaricia nossos cora\u00e7\u00f5es como uma brisa leve. O deserto \u00e9 o lugar da Palavra, com letra mai\u00fascula&#8221;&nbsp; Durante seu Pontificado, o Papa Francisco tem recordado repetidamente que a&nbsp;<\/p>\n<p><a class=\"btn btn-style\" href=\"http:\/\/portalcatolico.net\/portal\/oracao-esmola-e-jejum-companheiros-de-viagem-da-quaresma\/\">Continue Reading<\/a><\/p>\n","protected":false},"author":2,"featured_media":68597,"comment_status":"open","ping_status":"open","sticky":false,"template":"","format":"standard","meta":{"footnotes":""},"categories":[5],"tags":[],"class_list":["post-68596","post","type-post","status-publish","format-standard","has-post-thumbnail","hentry","category-igreja_no_mundo"],"_links":{"self":[{"href":"http:\/\/portalcatolico.net\/portal\/wp-json\/wp\/v2\/posts\/68596","targetHints":{"allow":["GET"]}}],"collection":[{"href":"http:\/\/portalcatolico.net\/portal\/wp-json\/wp\/v2\/posts"}],"about":[{"href":"http:\/\/portalcatolico.net\/portal\/wp-json\/wp\/v2\/types\/post"}],"author":[{"embeddable":true,"href":"http:\/\/portalcatolico.net\/portal\/wp-json\/wp\/v2\/users\/2"}],"replies":[{"embeddable":true,"href":"http:\/\/portalcatolico.net\/portal\/wp-json\/wp\/v2\/comments?post=68596"}],"version-history":[{"count":1,"href":"http:\/\/portalcatolico.net\/portal\/wp-json\/wp\/v2\/posts\/68596\/revisions"}],"predecessor-version":[{"id":68598,"href":"http:\/\/portalcatolico.net\/portal\/wp-json\/wp\/v2\/posts\/68596\/revisions\/68598"}],"wp:featuredmedia":[{"embeddable":true,"href":"http:\/\/portalcatolico.net\/portal\/wp-json\/wp\/v2\/media\/68597"}],"wp:attachment":[{"href":"http:\/\/portalcatolico.net\/portal\/wp-json\/wp\/v2\/media?parent=68596"}],"wp:term":[{"taxonomy":"category","embeddable":true,"href":"http:\/\/portalcatolico.net\/portal\/wp-json\/wp\/v2\/categories?post=68596"},{"taxonomy":"post_tag","embeddable":true,"href":"http:\/\/portalcatolico.net\/portal\/wp-json\/wp\/v2\/tags?post=68596"}],"curies":[{"name":"wp","href":"https:\/\/api.w.org\/{rel}","templated":true}]}}