{"id":68593,"date":"2020-03-04T20:19:47","date_gmt":"2020-03-04T23:19:47","guid":{"rendered":"http:\/\/portalcatolico.net\/portal\/?p=68593"},"modified":"2020-03-04T20:19:47","modified_gmt":"2020-03-04T23:19:47","slug":"o-que-a-virgem-de-fatima-ensina-para-viver-bem-a-quaresma","status":"publish","type":"post","link":"http:\/\/portalcatolico.net\/portal\/o-que-a-virgem-de-fatima-ensina-para-viver-bem-a-quaresma\/","title":{"rendered":"O que a Virgem de F\u00e1tima ensina para viver bem a Quaresma?"},"content":{"rendered":"<p>O reitor do Santu\u00e1rio de F\u00e1tima, em Portugal, Pe. Carlos Cabecinhas, explicou que \u201ca mensagem de F\u00e1tima oferece-nos uma verdadeira pedagogia para viver\u201d o tempo da&nbsp;Quaresma, incentivando dois elementos essenciais: a ora\u00e7\u00e3o e a convers\u00e3o.<\/p>\n<p>Na homilia da&nbsp;Missa&nbsp;que presidiu no dia 10 de mar\u00e7o de 2019, no santu\u00e1rio portugu\u00eas, o sacerdote explicou que, nas apari\u00e7\u00f5es da Virgem de F\u00e1tima em 1917, \u201ca convers\u00e3o \u00e9-nos apresentada como essencial\u201d, e destacou que sempre esteve presente \u201cum apelo \u00e0 ora\u00e7\u00e3o\u201d.<\/p>\n<p>\u201cEstes s\u00e3o os dois caminhos que o Evangelho nos apresenta\u201d, para a exemplo de Jesus Cristo \u201cconvertermos a nossa&nbsp;vida\u201d, ressaltou o sacerdote, que refletiu sobre os 40 dias que Jesus permaneceu no deserto, onde foi tentado pelo dem\u00f4nio.<\/p>\n<p>O reitor do Santu\u00e1rio de F\u00e1tima, em Portugal, Pe. Carlos Cabecinhas, explicou que \u201ca mensagem de F\u00e1tima oferece-nos uma verdadeira pedagogia para viver\u201d o tempo da&nbsp;Quaresma, incentivando dois elementos essenciais: a ora\u00e7\u00e3o e a convers\u00e3o.<\/p>\n<p>Na homilia da&nbsp;Missa&nbsp;que presidiu no dia 10 de mar\u00e7o de 2019, no santu\u00e1rio portugu\u00eas, o sacerdote explicou que, nas apari\u00e7\u00f5es da Virgem de F\u00e1tima em 1917, \u201ca convers\u00e3o \u00e9-nos apresentada como essencial\u201d, e destacou que sempre esteve presente \u201cum apelo \u00e0 ora\u00e7\u00e3o\u201d.<\/p>\n<p>\u201cEstes s\u00e3o os dois caminhos que o Evangelho nos apresenta\u201d, para a exemplo de Jesus Cristo \u201cconvertermos a nossa&nbsp;vida\u201d, ressaltou o sacerdote, que refletiu sobre os 40 dias que Jesus permaneceu no deserto, onde foi tentado pelo dem\u00f4nio.(ACI)<\/p>\n<p>Nossa Senhora de F\u00e1tima. Foto: David Ramos \/ ACI Prensa<\/p>\n","protected":false},"excerpt":{"rendered":"<p>O reitor do Santu\u00e1rio de F\u00e1tima, em Portugal, Pe. Carlos Cabecinhas, explicou que \u201ca mensagem de F\u00e1tima oferece-nos uma verdadeira pedagogia para viver\u201d o tempo da&nbsp;Quaresma, incentivando dois elementos essenciais: a ora\u00e7\u00e3o e a convers\u00e3o. Na homilia da&nbsp;Missa&nbsp;que presidiu no dia 10 de mar\u00e7o de 2019, no santu\u00e1rio portugu\u00eas, o sacerdote explicou que, nas apari\u00e7\u00f5es&nbsp;<\/p>\n<p><a class=\"btn btn-style\" href=\"http:\/\/portalcatolico.net\/portal\/o-que-a-virgem-de-fatima-ensina-para-viver-bem-a-quaresma\/\">Continue Reading<\/a><\/p>\n","protected":false},"author":2,"featured_media":68594,"comment_status":"open","ping_status":"open","sticky":false,"template":"","format":"standard","meta":{"footnotes":""},"categories":[5],"tags":[],"class_list":["post-68593","post","type-post","status-publish","format-standard","has-post-thumbnail","hentry","category-igreja_no_mundo"],"_links":{"self":[{"href":"http:\/\/portalcatolico.net\/portal\/wp-json\/wp\/v2\/posts\/68593","targetHints":{"allow":["GET"]}}],"collection":[{"href":"http:\/\/portalcatolico.net\/portal\/wp-json\/wp\/v2\/posts"}],"about":[{"href":"http:\/\/portalcatolico.net\/portal\/wp-json\/wp\/v2\/types\/post"}],"author":[{"embeddable":true,"href":"http:\/\/portalcatolico.net\/portal\/wp-json\/wp\/v2\/users\/2"}],"replies":[{"embeddable":true,"href":"http:\/\/portalcatolico.net\/portal\/wp-json\/wp\/v2\/comments?post=68593"}],"version-history":[{"count":1,"href":"http:\/\/portalcatolico.net\/portal\/wp-json\/wp\/v2\/posts\/68593\/revisions"}],"predecessor-version":[{"id":68595,"href":"http:\/\/portalcatolico.net\/portal\/wp-json\/wp\/v2\/posts\/68593\/revisions\/68595"}],"wp:featuredmedia":[{"embeddable":true,"href":"http:\/\/portalcatolico.net\/portal\/wp-json\/wp\/v2\/media\/68594"}],"wp:attachment":[{"href":"http:\/\/portalcatolico.net\/portal\/wp-json\/wp\/v2\/media?parent=68593"}],"wp:term":[{"taxonomy":"category","embeddable":true,"href":"http:\/\/portalcatolico.net\/portal\/wp-json\/wp\/v2\/categories?post=68593"},{"taxonomy":"post_tag","embeddable":true,"href":"http:\/\/portalcatolico.net\/portal\/wp-json\/wp\/v2\/tags?post=68593"}],"curies":[{"name":"wp","href":"https:\/\/api.w.org\/{rel}","templated":true}]}}