{"id":68590,"date":"2020-03-04T20:13:57","date_gmt":"2020-03-04T23:13:57","guid":{"rendered":"http:\/\/portalcatolico.net\/portal\/?p=68590"},"modified":"2020-03-04T20:13:57","modified_gmt":"2020-03-04T23:13:57","slug":"pascom-abre-inscricoes-para-o-7o-encontro-nacional-e-3o-seminario-de-jovens-comunicadores","status":"publish","type":"post","link":"http:\/\/portalcatolico.net\/portal\/pascom-abre-inscricoes-para-o-7o-encontro-nacional-e-3o-seminario-de-jovens-comunicadores\/","title":{"rendered":"Pascom abre inscri\u00e7\u00f5es para o 7\u00ba Encontro Nacional e 3\u00ba Semin\u00e1rio de Jovens Comunicadores"},"content":{"rendered":"<p>A Pastoral da Comunica\u00e7\u00e3o (Pascom Brasil) abriu as inscri\u00e7\u00f5es para o seu 7\u00ba Encontro Nacional e 3\u00ba Semin\u00e1rio Nacional de Jovens Comunicadores. O evento acontece de 17 a 19 de julho de 2020, no Campus Cora\u00e7\u00e3o Eucar\u00edstico da Pontif\u00edcia Universidade Cat\u00f3lica de Minas Gerais (PUC Minas), em Belo Horizonte (MG). A Universidade acolhe e apoia o evento juntamente com a arquidiocese de Belo Horizonte. A realiza\u00e7\u00e3o do encontro e semin\u00e1rio \u00e9 da Confer\u00eancia Nacional dos Bispos do Brasil (CNBB), por meio das Comiss\u00f5es Episcopais Pastorais para Comunica\u00e7\u00e3o e para Juventude.<\/p>\n<p><a href=\"https:\/\/ciaticket.com.br\/e\/7o-encontro-nacional-da-pascom-%E2%80%93-3o-seminario-nacional-de-jovens-comunicadores17072020-262\"><img loading=\"lazy\" decoding=\"async\" class=\"aligncenter\" src=\"https:\/\/pascombrasil.org.br\/wp-content\/uploads\/sites\/153\/2020\/03\/unnamed.jpg\" alt=\"\" width=\"757\" height=\"450\"><\/a><\/p>\n<p>\u201cComunica\u00e7\u00e3o e juventude na Igreja em sa\u00edda\u201d \u00e9 o tema do evento duplo que se apresenta em unidade com o pontificado do Papa Francisco e com as Diretrizes Gerais da A\u00e7\u00e3o Evangelizadora da Igreja no Brasil (DGAE 2019-2023).<\/p>\n<p>Em unidade com o pontificado do Papa Francisco e com as Diretrizes Gerais da A\u00e7\u00e3o Evangelizadora da Igreja no Brasil, o tema central ser\u00e1 Comunica\u00e7\u00e3o e Juventudes na Igreja em Sa\u00edda.<\/p>\n<h3>Programa\u00e7\u00e3o<\/h3>\n<p><img decoding=\"async\" class=\"alignleft\" src=\"https:\/\/pascombrasil.org.br\/wp-content\/uploads\/sites\/153\/2020\/03\/centro-de-espiritualidade-300x185.jpg\">Forma\u00e7\u00e3o e espiritualidade ser\u00e3o os eixos da Pascom favorecidos pelos encontro primordialmente, segundo os organizadores. A programa\u00e7\u00e3o contar\u00e1 com confer\u00eancias, workshops, mesas redondas, espa\u00e7o para di\u00e1logo e partilha de experi\u00eancias positivas. A comunica\u00e7\u00e3o da Palavra de Deus, juventudes e ambi\u00eancia digital, novas narrativas ser\u00e3o alguns dos temas abordados nas palestras principais. Ser\u00e3o ofertados 13 workshops com tem\u00e1ticas distintas e o participante poder\u00e1 fazer sua escolha no ato da inscri\u00e7\u00e3o.<\/p>\n<p>Para fortalecer do eixo da espiritualidade, os momentos de ora\u00e7\u00e3o e celebra\u00e7\u00f5es eucar\u00edsticas ser\u00e3o vivenciados no Centro de Espiritualidade Jesus P\u00e3o da Vida, inaugurado recentemente nas depend\u00eancias da PUC Minas.<\/p>\n<p>&nbsp;<\/p>\n<p><strong>&gt;&gt;&gt; PROGRAMA\u00c7\u00c3O&nbsp;<\/strong><\/p>\n<p><em>17 de julho de 2020<\/em><br \/>\n16h \u2013 Credenciamento \/ Anima\u00e7\u00e3o<br \/>\n17h \u2013 Solenidade de abertura<br \/>\n17h30 \u2013 ESPIRITUALIDADE: Mem\u00f3ria agradecida<br \/>\n18h \u2013 Confer\u00eancia de abertura: COMUNICAR A PALAVRA DE DEUS NA IGREJA EM SA\u00cdDA<br \/>\n18h50 \u2013 DI\u00c1LOGOS (tempo para perguntas e considera\u00e7\u00f5es)<br \/>\n19h10 &nbsp;\u2013 Mesa redonda: JUVENTUDES E AMBI\u00caNCIA DIGITAL: PERSPECTIVAS, COMPROMISSOS E PROFETISMO<br \/>\n20h \u2013 DI\u00c1LOGOS<br \/>\n20h30 \u2013 ESPIRITUALIDADE: Ora\u00e7\u00e3o da Noite<br \/>\n\u2013 Encerramento do dia<\/p>\n<p><em>18 de julho de 2020<\/em><br \/>\n8h \u2013 Santa Missa presidida por Dom Nelson Francelino Ferreira, bispo de Valen\u00e7a e presidente da Comiss\u00e3o Episcopal Pastoral para a Juventude da CNBB<br \/>\n9h \u2013 Anima\u00e7\u00e3o<br \/>\n9h10 \u2013 Confer\u00eancia: RE-PENSAR O CRISTIANISMO: DO LIKE AO AM\u00c9M<br \/>\n10h \u2013 Intervalo para coffee break<br \/>\n10h30 \u2013 Continua\u00e7\u00e3o: RE-PENSAR O CRISTIANISMO: DO LIKE AO AM\u00c9M<br \/>\n11h20 \u2013 DI\u00c1LOGOS<br \/>\n12h00 \u2013 COMUNICA\u00c7\u00c3O POSITIVA<br \/>\n12h30 \u2013 Almo\u00e7o<br \/>\n13h30 \u2013 Anima\u00e7\u00e3o<br \/>\n14h \u2013 Confer\u00eancia: PASCOM EM SA\u00cdDA: COMUNICAR ESPERAN\u00c7A E MISERIC\u00d3RDIA NOS NOVOS TEMPOS<br \/>\n15h \u2013 WORKSHOPS<br \/>\n16h00 \u2013 Intervalo para coffee break<br \/>\n17h30 \u2013 Mesa redonda: CHRISTUS VIVIT: O AGORA DE DEUS NO AMBIENTE DIGITAL<br \/>\n18h30 \u2013 COM-VIV\u00caNCIAS<\/p>\n<p><em>19 de julho de 2020<\/em><br \/>\n8h \u2013 ESPIRITUALIDADE: Leitura orante na \u00f3tica da comunica\u00e7\u00e3o<br \/>\n9h \u2013 Anima\u00e7\u00e3o<br \/>\n9h10 \u2013 Confer\u00eancia: NOVAS NARRATIVAS: O HUMANO NA DIN\u00c2MICA DA COMUNICA\u00c7\u00c3O<br \/>\n10h \u2013 DI\u00c1LOGOS<br \/>\n10h30 \u2013 ENCAMINHAMENTOS<br \/>\n11h \u2013 ESPIRITUALIDADE: Santa Missa de encerramento e envio presidida por Dom Joaquim Giovani Mol Guimar\u00e3es, bispo auxiliar de Belo Horizonte e presidente da Comiss\u00e3o Episcopal para a Comunica\u00e7\u00e3o<br \/>\n12h \u2013 Almo\u00e7o e despedida<\/p>\n<p><a href=\"https:\/\/ciaticket.com.br\/e\/7o-encontro-nacional-da-pascom-%E2%80%93-3o-seminario-nacional-de-jovens-comunicadores17072020-262\">Clique aqui e saiba mais sobre as condi\u00e7\u00f5es, valores e op\u00e7\u00f5es de inscri\u00e7\u00f5es, hospedagem e passagem a\u00e9reas.<\/a><\/p>\n<p>Fonte:CNBB<\/p>\n","protected":false},"excerpt":{"rendered":"<p>A Pastoral da Comunica\u00e7\u00e3o (Pascom Brasil) abriu as inscri\u00e7\u00f5es para o seu 7\u00ba Encontro Nacional e 3\u00ba Semin\u00e1rio Nacional de Jovens Comunicadores. O evento acontece de 17 a 19 de julho de 2020, no Campus Cora\u00e7\u00e3o Eucar\u00edstico da Pontif\u00edcia Universidade Cat\u00f3lica de Minas Gerais (PUC Minas), em Belo Horizonte (MG). A Universidade acolhe e apoia&nbsp;<\/p>\n<p><a class=\"btn btn-style\" href=\"http:\/\/portalcatolico.net\/portal\/pascom-abre-inscricoes-para-o-7o-encontro-nacional-e-3o-seminario-de-jovens-comunicadores\/\">Continue Reading<\/a><\/p>\n","protected":false},"author":2,"featured_media":68591,"comment_status":"open","ping_status":"open","sticky":false,"template":"","format":"standard","meta":{"footnotes":""},"categories":[3],"tags":[],"class_list":["post-68590","post","type-post","status-publish","format-standard","has-post-thumbnail","hentry","category-noticias_regionais"],"_links":{"self":[{"href":"http:\/\/portalcatolico.net\/portal\/wp-json\/wp\/v2\/posts\/68590","targetHints":{"allow":["GET"]}}],"collection":[{"href":"http:\/\/portalcatolico.net\/portal\/wp-json\/wp\/v2\/posts"}],"about":[{"href":"http:\/\/portalcatolico.net\/portal\/wp-json\/wp\/v2\/types\/post"}],"author":[{"embeddable":true,"href":"http:\/\/portalcatolico.net\/portal\/wp-json\/wp\/v2\/users\/2"}],"replies":[{"embeddable":true,"href":"http:\/\/portalcatolico.net\/portal\/wp-json\/wp\/v2\/comments?post=68590"}],"version-history":[{"count":1,"href":"http:\/\/portalcatolico.net\/portal\/wp-json\/wp\/v2\/posts\/68590\/revisions"}],"predecessor-version":[{"id":68592,"href":"http:\/\/portalcatolico.net\/portal\/wp-json\/wp\/v2\/posts\/68590\/revisions\/68592"}],"wp:featuredmedia":[{"embeddable":true,"href":"http:\/\/portalcatolico.net\/portal\/wp-json\/wp\/v2\/media\/68591"}],"wp:attachment":[{"href":"http:\/\/portalcatolico.net\/portal\/wp-json\/wp\/v2\/media?parent=68590"}],"wp:term":[{"taxonomy":"category","embeddable":true,"href":"http:\/\/portalcatolico.net\/portal\/wp-json\/wp\/v2\/categories?post=68590"},{"taxonomy":"post_tag","embeddable":true,"href":"http:\/\/portalcatolico.net\/portal\/wp-json\/wp\/v2\/tags?post=68590"}],"curies":[{"name":"wp","href":"https:\/\/api.w.org\/{rel}","templated":true}]}}