{"id":68585,"date":"2020-03-02T21:01:53","date_gmt":"2020-03-03T00:01:53","guid":{"rendered":"http:\/\/portalcatolico.net\/portal\/?p=68585"},"modified":"2020-03-02T21:03:19","modified_gmt":"2020-03-03T00:03:19","slug":"comunicado-paroquialparoquia-nossa-senhora-da-piedade-em-itabunaba","status":"publish","type":"post","link":"http:\/\/portalcatolico.net\/portal\/comunicado-paroquialparoquia-nossa-senhora-da-piedade-em-itabunaba\/","title":{"rendered":"Comunicado:Par\u00f3quia Nossa Senhora da Piedade em Itabuna(BA)"},"content":{"rendered":"<p>&#8220;Comunicado Paroquial&#8221;<\/p>\n<p>Itabuna-BA, 01\/03\/2020.<span class=\"text_exposed_show\"><br \/>\n&#8220;Prezados irm\u00e3os e irm\u00e3s, Paz!&#8221; Em nome do Laicato desta Par\u00f3quia, manifesto alegria com o an\u00fancio da nomea\u00e7\u00e3o, nesta sexta-feira, 28 de fevereiro, pelo nosso bispo diocesano Dom Carlos Alberto dos Santos, do Revmo. Sr. Di\u00e1cono Diego de Oliveira Americano, para que possa administrar solenemente o Santo Batismo, assistir aos Matrim\u00f4nios, pregar a Palavra de Deus e servir a comunidade, em plena comunh\u00e3o com o Padre Francisco Andrade.<br \/>\nO di\u00e1cono Diego, a partir do dia 02 de mar\u00e7o de 2020, passar\u00e1 a morar na casa paroquial da Igreja Matriz Nossa Senhora da Piedade. Diego \u00e9 di\u00e1cono transit\u00f3rio, ou seja, em alguns meses ser\u00e1 ordenado sacerdote da Igreja. O mesmo \u00e9 filho da Par\u00f3quia de Santo Ant\u00f4nio da cidade de Itoror\u00f3 na nossa diocese.<br \/>\nSaudamos sua acolhida em nossa fam\u00edlia paroquial, recordando as palavras do Papa Francisco no \u00c2ngelus de 5 de janeiro deste ano, com as quais o Santo Padre exorta-nos a \u201cacolher com alegria e gratid\u00e3o o plano divino de amor para o homem e o mundo, realizado em Jesus Cristo\u201d.<br \/>\nO Senhor lhe conceda, pela intercess\u00e3o de Nossa Senhora da Piedade, um aben\u00e7oado minist\u00e9rio diaconal. Conte com nosso apoio e ora\u00e7\u00f5es.<br \/>\nDiego, chega em nossa Igreja Nossa Senhora da Piedade na *pr\u00f3xima segunda-feira dia 02 de mar\u00e7o por volta das 18h00,* gostaria atrav\u00e9s do gesto simples e acolhedor que algumas pessoas da nossa paroquia e os coordenadores das comunidades, pudessem -se fazer presente para o acolhimento ao mais novo membro da nossa fam\u00edlia paroquial.<br \/>\na mim foi confiada a miss\u00e3o de guardi\u00e3o das chaves da Igreja Matriz, Casa Paroquial, Secretaria Paroquial, Ve\u00edculo da diocese que serve a nossa Par\u00f3quia, na oportunidade estarei passando as m\u00e3os do nosso irm\u00e3o Diego de Oliveira Americano.<br \/>\nMuito obrigado aos irm\u00e3os e irm\u00e3s que me ajudaram nesta miss\u00e3o, continuemos rezando por nossa Par\u00f3quia, aproveito para lembrar que no dia 07 de mar\u00e7o faz um m\u00eas de pastoreio do nosso irm\u00e3o Padre Francisco Andrade junto as nossas comunidades, nossas preces para este sacerdote que ama a Igreja e se doa pelo servi\u00e7o ao pr\u00f3ximo. &#8220;Em Cristo,&#8221;<\/span><\/p>\n<p><span class=\"text_exposed_show\">Por Domingos Andrade\/Par\u00f3quia Nossa Senhora da Piedade em Itabuna(BA)<\/span><\/p>\n","protected":false},"excerpt":{"rendered":"<p>&#8220;Comunicado Paroquial&#8221; Itabuna-BA, 01\/03\/2020. &#8220;Prezados irm\u00e3os e irm\u00e3s, Paz!&#8221; Em nome do Laicato desta Par\u00f3quia, manifesto alegria com o an\u00fancio da nomea\u00e7\u00e3o, nesta sexta-feira, 28 de fevereiro, pelo nosso bispo diocesano Dom Carlos Alberto dos Santos, do Revmo. Sr. Di\u00e1cono Diego de Oliveira Americano, para que possa administrar solenemente o Santo Batismo, assistir aos Matrim\u00f4nios,&nbsp;<\/p>\n<p><a class=\"btn btn-style\" href=\"http:\/\/portalcatolico.net\/portal\/comunicado-paroquialparoquia-nossa-senhora-da-piedade-em-itabunaba\/\">Continue Reading<\/a><\/p>\n","protected":false},"author":2,"featured_media":68586,"comment_status":"open","ping_status":"open","sticky":false,"template":"","format":"standard","meta":{"footnotes":""},"categories":[4],"tags":[],"class_list":["post-68585","post","type-post","status-publish","format-standard","has-post-thumbnail","hentry","category-destaques"],"_links":{"self":[{"href":"http:\/\/portalcatolico.net\/portal\/wp-json\/wp\/v2\/posts\/68585","targetHints":{"allow":["GET"]}}],"collection":[{"href":"http:\/\/portalcatolico.net\/portal\/wp-json\/wp\/v2\/posts"}],"about":[{"href":"http:\/\/portalcatolico.net\/portal\/wp-json\/wp\/v2\/types\/post"}],"author":[{"embeddable":true,"href":"http:\/\/portalcatolico.net\/portal\/wp-json\/wp\/v2\/users\/2"}],"replies":[{"embeddable":true,"href":"http:\/\/portalcatolico.net\/portal\/wp-json\/wp\/v2\/comments?post=68585"}],"version-history":[{"count":3,"href":"http:\/\/portalcatolico.net\/portal\/wp-json\/wp\/v2\/posts\/68585\/revisions"}],"predecessor-version":[{"id":68589,"href":"http:\/\/portalcatolico.net\/portal\/wp-json\/wp\/v2\/posts\/68585\/revisions\/68589"}],"wp:featuredmedia":[{"embeddable":true,"href":"http:\/\/portalcatolico.net\/portal\/wp-json\/wp\/v2\/media\/68586"}],"wp:attachment":[{"href":"http:\/\/portalcatolico.net\/portal\/wp-json\/wp\/v2\/media?parent=68585"}],"wp:term":[{"taxonomy":"category","embeddable":true,"href":"http:\/\/portalcatolico.net\/portal\/wp-json\/wp\/v2\/categories?post=68585"},{"taxonomy":"post_tag","embeddable":true,"href":"http:\/\/portalcatolico.net\/portal\/wp-json\/wp\/v2\/tags?post=68585"}],"curies":[{"name":"wp","href":"https:\/\/api.w.org\/{rel}","templated":true}]}}