{"id":68578,"date":"2020-03-03T00:44:22","date_gmt":"2020-03-03T03:44:22","guid":{"rendered":"http:\/\/portalcatolico.net\/portal\/?p=68578"},"modified":"2020-03-02T20:45:02","modified_gmt":"2020-03-02T23:45:02","slug":"peregrinacao-dos-homens-ao-santuario-nossa-senhora-das-candeias-acontece-neste-domingo-08-03","status":"publish","type":"post","link":"http:\/\/portalcatolico.net\/portal\/peregrinacao-dos-homens-ao-santuario-nossa-senhora-das-candeias-acontece-neste-domingo-08-03\/","title":{"rendered":"Peregrina\u00e7\u00e3o dos Homens ao Santu\u00e1rio Nossa Senhora das Candeias acontece neste domingo (08\/03)"},"content":{"rendered":"<p><strong>S\u00e3o esperados peregrinos de toda diocese para a caminhada de treze quil\u00f4metros at\u00e9 o Santu\u00e1rio<\/strong><\/p>\n<div><span style=\"font-family: arial; font-size: medium;\">Homens de toda Diocese de Cama\u00e7ari s\u00e3o esperados para a Peregrina\u00e7\u00e3o dos Homens ao Santu\u00e1rio Nossa Senhora das Candeias. A tradicional caminhada, que acontece no segundo domingo da quaresma, ser\u00e1 realizada no pr\u00f3ximo domingo, dia 08 de mar\u00e7o, com concentra\u00e7\u00e3o \u00e0s 6h na Comunidade Terap\u00eautica S\u00e3o Francisco de Assis, no bairro da Boca da Mata em Candeias.<\/span><\/div>\n<div><span style=\"font-family: arial; font-size: medium;\">&nbsp;<\/span><\/div>\n<div><span style=\"font-family: arial; font-size: medium;\">O ato de f\u00e9 e penit\u00eancia iniciar\u00e1 com a Santa Missa presidida pelo bispo diocesano Dom Jo\u00e3o Carlos Petrini, em seguida os homens percorrer\u00e3o pelas margens da BA 522 num trajeto de 13 quil\u00f4metro at\u00e9 o Santu\u00e1rio Mariano.<\/span><\/div>\n<div><span style=\"font-family: arial; font-size: medium;\">&nbsp;<\/span><\/div>\n<div><span style=\"font-family: arial; font-size: medium;\">Para os homens de Candeias ser\u00e1 disponibilizado \u00f4nibus gratuitamente para levar os fi\u00e9is at\u00e9 o ponto de concentra\u00e7\u00e3o, saindo \u00e0s 5h da manh\u00e3 do seguintes locais : Malemb\u00e1, Pra\u00e7a Tiradentes no Banco Ita\u00fa, Largo do Tri\u00e2ngulo, Sarandi, Santo Ant\u00f4nio, Nova Brasilia e Urbis II. Passando tamb\u00e9m pela Igreja S\u00e3o Francisco e Terminal Rodovi\u00e1rio.<\/span><\/div>\n<div><span style=\"font-family: arial; font-size: medium;\">&nbsp;<\/span><\/div>\n<div><span style=\"font-family: arial; font-size: medium;\">Tamb\u00e9m est\u00e3o sendo vendidas camisas por R$25,00 e bon\u00e9&nbsp; por R$15,00 que poder\u00e3o ser adquiridas antecipadamente na Par\u00f3quia S\u00e3o Francisco de Assis e Santu\u00e1rio Nossa Senhora das Candeias, ou ainda no local. A Caminhada est\u00e1 na oitava edi\u00e7\u00e3o e \u00e9 organizada pela Comunidade Terap\u00eautica S\u00e3o Francisco, Comunidade Pontos Cora\u00e7\u00e3o e Movimento do Ter\u00e7o dos Homens.<\/span><\/div>\n<div>Cr\u00e9dito da foto &#8211; Pascom Candeias<\/div>\n<div>Por: Kivia Matos\/Diocese de Cama\u00e7ari(BA)&nbsp;<\/div>\n","protected":false},"excerpt":{"rendered":"<p>S\u00e3o esperados peregrinos de toda diocese para a caminhada de treze quil\u00f4metros at\u00e9 o Santu\u00e1rio Homens de toda Diocese de Cama\u00e7ari s\u00e3o esperados para a Peregrina\u00e7\u00e3o dos Homens ao Santu\u00e1rio Nossa Senhora das Candeias. A tradicional caminhada, que acontece no segundo domingo da quaresma, ser\u00e1 realizada no pr\u00f3ximo domingo, dia 08 de mar\u00e7o, com concentra\u00e7\u00e3o&nbsp;<\/p>\n<p><a class=\"btn btn-style\" href=\"http:\/\/portalcatolico.net\/portal\/peregrinacao-dos-homens-ao-santuario-nossa-senhora-das-candeias-acontece-neste-domingo-08-03\/\">Continue Reading<\/a><\/p>\n","protected":false},"author":2,"featured_media":68579,"comment_status":"open","ping_status":"open","sticky":false,"template":"","format":"standard","meta":{"footnotes":""},"categories":[4],"tags":[],"class_list":["post-68578","post","type-post","status-publish","format-standard","has-post-thumbnail","hentry","category-destaques"],"_links":{"self":[{"href":"http:\/\/portalcatolico.net\/portal\/wp-json\/wp\/v2\/posts\/68578","targetHints":{"allow":["GET"]}}],"collection":[{"href":"http:\/\/portalcatolico.net\/portal\/wp-json\/wp\/v2\/posts"}],"about":[{"href":"http:\/\/portalcatolico.net\/portal\/wp-json\/wp\/v2\/types\/post"}],"author":[{"embeddable":true,"href":"http:\/\/portalcatolico.net\/portal\/wp-json\/wp\/v2\/users\/2"}],"replies":[{"embeddable":true,"href":"http:\/\/portalcatolico.net\/portal\/wp-json\/wp\/v2\/comments?post=68578"}],"version-history":[{"count":2,"href":"http:\/\/portalcatolico.net\/portal\/wp-json\/wp\/v2\/posts\/68578\/revisions"}],"predecessor-version":[{"id":68581,"href":"http:\/\/portalcatolico.net\/portal\/wp-json\/wp\/v2\/posts\/68578\/revisions\/68581"}],"wp:featuredmedia":[{"embeddable":true,"href":"http:\/\/portalcatolico.net\/portal\/wp-json\/wp\/v2\/media\/68579"}],"wp:attachment":[{"href":"http:\/\/portalcatolico.net\/portal\/wp-json\/wp\/v2\/media?parent=68578"}],"wp:term":[{"taxonomy":"category","embeddable":true,"href":"http:\/\/portalcatolico.net\/portal\/wp-json\/wp\/v2\/categories?post=68578"},{"taxonomy":"post_tag","embeddable":true,"href":"http:\/\/portalcatolico.net\/portal\/wp-json\/wp\/v2\/tags?post=68578"}],"curies":[{"name":"wp","href":"https:\/\/api.w.org\/{rel}","templated":true}]}}