{"id":68571,"date":"2020-03-02T00:57:46","date_gmt":"2020-03-02T03:57:46","guid":{"rendered":"http:\/\/portalcatolico.net\/portal\/?p=68571"},"modified":"2020-03-01T22:00:31","modified_gmt":"2020-03-02T01:00:31","slug":"vem-ai-o-encontro-de-formacao-dos-coroinhas-em-itabuna","status":"publish","type":"post","link":"http:\/\/portalcatolico.net\/portal\/vem-ai-o-encontro-de-formacao-dos-coroinhas-em-itabuna\/","title":{"rendered":"Vem a\u00ed o encontro de forma\u00e7\u00e3o dos  Coroinhas em Itabuna"},"content":{"rendered":"<p>No pr\u00f3ximo s\u00e1bado,dia 7 de mar\u00e7o, \u00e0s 14h, vai acontecer em Itabuna (BA), o 2\u00aa Encontro de forma\u00e7\u00e3o de Coroinhas da Faronia Centro, na Catedral&nbsp;de S\u00e3o Jos\u00e9, situada na &nbsp;Avenida Na\u00e7\u00f5es Unidas,400, centro da&nbsp;cidade.<br \/>\nO tema do Encontro de forma\u00e7\u00e3o \u00e9: \u201cVoca\u00e7\u00e3o \u00e1 Santidade\u201d.<br \/>\nA organiza\u00e7\u00e3o do evento \u00e9 da Pastoral dos coroinhas e ac\u00f3litos, e diocese de Itabuna.<\/p>\n<p>Outras forma\u00e7\u00f5es dos coroinhas acontecer\u00e3o em 2020 nas tr\u00eas faronias: Norte, Centro e Sul.<\/p>\n<p><strong>Confira:<\/strong>&nbsp;No dia 07 de mar\u00e7o na Faronia Centro em Itabuna; 15 de mar\u00e7o na Faronia Norte, na cidade de Firmino Alves; 22 de mar\u00e7o na Faronia Sul na cidade de Camac\u00e3; 20 de Setembro, Forania Norte em&nbsp;Itoror\u00f3; 21 de novembro, Faronia&nbsp;Centro em Itabuna; 22 de novembro, Faronia Sul em Santa Luzia.<\/p>\n<p>Para outras informa\u00e7\u00f5es, procure o seu coordenador em sua par\u00f3quia de&nbsp;origem.<\/p>\n<p><strong>Na vida do coroinha a ora\u00e7\u00e3o \u00e9 fundamental.<\/strong><br \/>\n\u00c9 pela ora\u00e7\u00e3o que o jovem aprende a se relacionar com Deus, a se tornar \u00edntimo do Senhor. Na ora\u00e7\u00e3o recebem-se as gra\u00e7as de Deus, o aux\u00edlio para os momentos dif\u00edceis e a for\u00e7a para superar o pecado e as falhas pessoais. Sem ora\u00e7\u00e3o n\u00e3o se pode servir ao altar, pois como vamos estar com Cristo se n\u00e3o temos intimidade com Ele? \u00c9 a ora\u00e7\u00e3o que permite ao coroinha exercer o seu servi\u00e7o ao pr\u00f3ximo e ao altar de forma digna.<br \/>\nSer coroinha \u00e9 viver a Eucaristia, \u00e9 viver Cristo em todos os momentos da vida. A Eucaristia \u00e9 a fonte de todas as gra\u00e7as, \u00e9 alimento que fortalece a alma e nos conduz ao Pai. Ao viver a Eucaristia, o coroinha<br \/>\nvive o seu minist\u00e9rio de servi\u00e7o com mais dignidade, dedica\u00e7\u00e3o, ora\u00e7\u00e3o e amor e, assim, santifica-se e aproxima-se cada vez mais de Deus. Participe!<\/p>\n<p>Foto:Arquivo\/Portal Cat\u00f3lico-2019<\/p>\n<p><strong><em>Confira no cartaz<\/em><\/strong><\/p>\n<p><img loading=\"lazy\" decoding=\"async\" class=\"wp-image-68573 aligncenter\" src=\"http:\/\/portalcatolico.net\/portal\/wp-content\/uploads\/2020\/03\/fbf1fed5-0a50-4872-8006-faf1753e0df0-300x300.jpg\" alt=\"\" width=\"752\" height=\"752\" srcset=\"http:\/\/portalcatolico.net\/portal\/wp-content\/uploads\/2020\/03\/fbf1fed5-0a50-4872-8006-faf1753e0df0-300x300.jpg 300w, http:\/\/portalcatolico.net\/portal\/wp-content\/uploads\/2020\/03\/fbf1fed5-0a50-4872-8006-faf1753e0df0-150x150.jpg 150w, http:\/\/portalcatolico.net\/portal\/wp-content\/uploads\/2020\/03\/fbf1fed5-0a50-4872-8006-faf1753e0df0.jpg 756w\" sizes=\"auto, (max-width: 752px) 100vw, 752px\" \/><\/p>\n","protected":false},"excerpt":{"rendered":"<p>No pr\u00f3ximo s\u00e1bado,dia 7 de mar\u00e7o, \u00e0s 14h, vai acontecer em Itabuna (BA), o 2\u00aa Encontro de forma\u00e7\u00e3o de Coroinhas da Faronia Centro, na Catedral&nbsp;de S\u00e3o Jos\u00e9, situada na &nbsp;Avenida Na\u00e7\u00f5es Unidas,400, centro da&nbsp;cidade. O tema do Encontro de forma\u00e7\u00e3o \u00e9: \u201cVoca\u00e7\u00e3o \u00e1 Santidade\u201d. A organiza\u00e7\u00e3o do evento \u00e9 da Pastoral dos coroinhas e ac\u00f3litos,&nbsp;<\/p>\n<p><a class=\"btn btn-style\" href=\"http:\/\/portalcatolico.net\/portal\/vem-ai-o-encontro-de-formacao-dos-coroinhas-em-itabuna\/\">Continue Reading<\/a><\/p>\n","protected":false},"author":2,"featured_media":68572,"comment_status":"open","ping_status":"open","sticky":false,"template":"","format":"standard","meta":{"footnotes":""},"categories":[1],"tags":[],"class_list":["post-68571","post","type-post","status-publish","format-standard","has-post-thumbnail","hentry","category-agenda"],"_links":{"self":[{"href":"http:\/\/portalcatolico.net\/portal\/wp-json\/wp\/v2\/posts\/68571","targetHints":{"allow":["GET"]}}],"collection":[{"href":"http:\/\/portalcatolico.net\/portal\/wp-json\/wp\/v2\/posts"}],"about":[{"href":"http:\/\/portalcatolico.net\/portal\/wp-json\/wp\/v2\/types\/post"}],"author":[{"embeddable":true,"href":"http:\/\/portalcatolico.net\/portal\/wp-json\/wp\/v2\/users\/2"}],"replies":[{"embeddable":true,"href":"http:\/\/portalcatolico.net\/portal\/wp-json\/wp\/v2\/comments?post=68571"}],"version-history":[{"count":4,"href":"http:\/\/portalcatolico.net\/portal\/wp-json\/wp\/v2\/posts\/68571\/revisions"}],"predecessor-version":[{"id":68577,"href":"http:\/\/portalcatolico.net\/portal\/wp-json\/wp\/v2\/posts\/68571\/revisions\/68577"}],"wp:featuredmedia":[{"embeddable":true,"href":"http:\/\/portalcatolico.net\/portal\/wp-json\/wp\/v2\/media\/68572"}],"wp:attachment":[{"href":"http:\/\/portalcatolico.net\/portal\/wp-json\/wp\/v2\/media?parent=68571"}],"wp:term":[{"taxonomy":"category","embeddable":true,"href":"http:\/\/portalcatolico.net\/portal\/wp-json\/wp\/v2\/categories?post=68571"},{"taxonomy":"post_tag","embeddable":true,"href":"http:\/\/portalcatolico.net\/portal\/wp-json\/wp\/v2\/tags?post=68571"}],"curies":[{"name":"wp","href":"https:\/\/api.w.org\/{rel}","templated":true}]}}