{"id":68563,"date":"2020-03-01T18:58:24","date_gmt":"2020-03-01T21:58:24","guid":{"rendered":"http:\/\/portalcatolico.net\/portal\/?p=68563"},"modified":"2020-03-01T20:56:00","modified_gmt":"2020-03-01T23:56:00","slug":"participe-dos-encontros-vocacionados-em-itabuna","status":"publish","type":"post","link":"http:\/\/portalcatolico.net\/portal\/participe-dos-encontros-vocacionados-em-itabuna\/","title":{"rendered":"Participem dos Encontros Vocacionais  em Itabuna"},"content":{"rendered":"<p>&#8220;Senhor, que queres de mim?&#8221; VEM E SEGUE-ME.<\/p>\n<p>\u00c9 com esse Tema que a Diocese de Itabuna prop\u00f5e o Ano Vocacional Diocesano e convida a voc\u00ea, que se sente chamado \u00e0 vida sacerdotal, \u00e0 participar dos encontros que ser\u00e3o realizados mensalmente no Semin\u00e1rio Proped\u00eautico S\u00e3o Jos\u00e9, \u00e0 partir de 07 e 08 mar\u00e7o de 2020.<br \/>\nVoc\u00ea, jovem, venha discernir conosco a voz do Senhor para uma vida de dedica\u00e7\u00e3o a Ele e a sua Igreja.<br \/>\nEstamos lhe aguardando de bra\u00e7os abertos.<\/p>\n<div class=\"text_exposed_show\">\n<p>Diocese de Itabuna,no sul da Bahia; Semin\u00e1rio Proped\u00eautico S\u00e3o Jos\u00e9.<br \/>\nEndere\u00e7o: Rua Evaristo Andrade, 205 &#8211; Bairro Vila Zara em frente ao GACC.<br \/>\nContatos e informa\u00e7\u00f5es:<br \/>\nC\u00faria Diocesana 3211-3520<br \/>\nPar\u00f3quia Nossa Senhora da Concei\u00e7\u00e3o (73)3211-5524<br \/>\nPe. Adriano Fernandes (Reitor)<br \/>\nOutras Informa\u00e7\u00f5es (073) 98157-7039<\/p>\n<p>Fonte e texto: Pascom\/Diocese de Itabuna(BA)<\/p>\n<\/div>\n","protected":false},"excerpt":{"rendered":"<p>&#8220;Senhor, que queres de mim?&#8221; VEM E SEGUE-ME. \u00c9 com esse Tema que a Diocese de Itabuna prop\u00f5e o Ano Vocacional Diocesano e convida a voc\u00ea, que se sente chamado \u00e0 vida sacerdotal, \u00e0 participar dos encontros que ser\u00e3o realizados mensalmente no Semin\u00e1rio Proped\u00eautico S\u00e3o Jos\u00e9, \u00e0 partir de 07 e 08 mar\u00e7o de 2020.&nbsp;<\/p>\n<p><a class=\"btn btn-style\" href=\"http:\/\/portalcatolico.net\/portal\/participe-dos-encontros-vocacionados-em-itabuna\/\">Continue Reading<\/a><\/p>\n","protected":false},"author":2,"featured_media":68564,"comment_status":"open","ping_status":"open","sticky":false,"template":"","format":"standard","meta":{"footnotes":""},"categories":[4],"tags":[],"class_list":["post-68563","post","type-post","status-publish","format-standard","has-post-thumbnail","hentry","category-destaques"],"_links":{"self":[{"href":"http:\/\/portalcatolico.net\/portal\/wp-json\/wp\/v2\/posts\/68563","targetHints":{"allow":["GET"]}}],"collection":[{"href":"http:\/\/portalcatolico.net\/portal\/wp-json\/wp\/v2\/posts"}],"about":[{"href":"http:\/\/portalcatolico.net\/portal\/wp-json\/wp\/v2\/types\/post"}],"author":[{"embeddable":true,"href":"http:\/\/portalcatolico.net\/portal\/wp-json\/wp\/v2\/users\/2"}],"replies":[{"embeddable":true,"href":"http:\/\/portalcatolico.net\/portal\/wp-json\/wp\/v2\/comments?post=68563"}],"version-history":[{"count":5,"href":"http:\/\/portalcatolico.net\/portal\/wp-json\/wp\/v2\/posts\/68563\/revisions"}],"predecessor-version":[{"id":68570,"href":"http:\/\/portalcatolico.net\/portal\/wp-json\/wp\/v2\/posts\/68563\/revisions\/68570"}],"wp:featuredmedia":[{"embeddable":true,"href":"http:\/\/portalcatolico.net\/portal\/wp-json\/wp\/v2\/media\/68564"}],"wp:attachment":[{"href":"http:\/\/portalcatolico.net\/portal\/wp-json\/wp\/v2\/media?parent=68563"}],"wp:term":[{"taxonomy":"category","embeddable":true,"href":"http:\/\/portalcatolico.net\/portal\/wp-json\/wp\/v2\/categories?post=68563"},{"taxonomy":"post_tag","embeddable":true,"href":"http:\/\/portalcatolico.net\/portal\/wp-json\/wp\/v2\/tags?post=68563"}],"curies":[{"name":"wp","href":"https:\/\/api.w.org\/{rel}","templated":true}]}}