{"id":68559,"date":"2020-02-29T00:50:49","date_gmt":"2020-02-29T03:50:49","guid":{"rendered":"http:\/\/portalcatolico.net\/portal\/?p=68559"},"modified":"2020-02-28T20:51:34","modified_gmt":"2020-02-28T23:51:34","slug":"orientacoes-emergenciais-para-as-celebracoes-liturgicas","status":"publish","type":"post","link":"http:\/\/portalcatolico.net\/portal\/orientacoes-emergenciais-para-as-celebracoes-liturgicas\/","title":{"rendered":"ORIENTA\u00c7\u00d5ES EMERGENCIAIS PARA AS CELEBRA\u00c7\u00d5ES LIT\u00daRGICAS"},"content":{"rendered":"<p><strong>Aos diletos presb\u00edteros, senhores di\u00e1conos,<br \/>\n<\/strong><strong>estimados religiosos e religiosas<br \/>\n<\/strong><strong>e amados leigos desta nossa Diocese de S\u00e3o Jorge dos Ilh\u00e9us<\/strong><\/p>\n<p>Car\u00edssimos filhos, a Santa Igreja Cat\u00f3lica, em sua experi\u00eancia tri milenar de cuidar das pessoas, como dom do Criador, sempre esteve atenta \u00e0s necessidades do ser humano e \u00e0s crises planet\u00e1rias, que sempre foram um desafio para a humanidade, especialmente nos \u00faltimos anos, tendo como um sinal patente desta realidade a Campanha da Fraternidade deste ano.<\/p>\n<p>Nesta perspectiva, tendo em vista as novas informa\u00e7\u00f5es do caso comprovado do CORONAV\u00cdRUS (COVID-19) e tantos outros em monitoramento Brasil afora, e visando a prote\u00e7\u00e3o da vida em todas as suas etapas e situa\u00e7\u00f5es, que em si mesma \u00e9 um verdadeiro patrim\u00f4nio do todo existente, DETERMINO que em todo territ\u00f3rio diocesano, em car\u00e1ter imediato e circunstancial, sejam observadas as seguintes orienta\u00e7\u00f5es:<\/p>\n<ol>\n<li><strong>A COMUNH\u00c3O DEVE SER DADA SOMENTE EM UMA ESP\u00c9CIE E NA M\u00c3O, A FIM DE QUE SE EVITE POSS\u00cdVEIS CONTATOS SALIVARES;<\/strong><\/li>\n<li><strong>N\u00c3O SE DEVE DAR AS M\u00c3OS NA HORA DA ORA\u00c7\u00c3O DO PAI NOSSO;<\/strong><\/li>\n<li><strong>O RITO DO ABRA\u00c7O DA PAZ NA MISSA DEVE SER SUPRESSO OU SUBSTITU\u00cdDO POR OUTRO GESTO, QUE N\u00c3O NECESSITE DO TOQUE DIRETO DAS PESSOAS.<\/strong><\/li>\n<\/ol>\n<p>No mais, elevemos um clamor fervoroso ao Senhor nosso Deus, para que ele se compade\u00e7a de tantos irm\u00e3os nossos j\u00e1 infectados pelo V\u00edrus, para que a sua miseric\u00f3rdia os alcance. Igualmente supliquemos ao Senhor, para que essa calamidade p\u00fablica seja enfrentada com firmeza, primeiramente pelas autoridades deste nosso Pa\u00eds, com medidas en\u00e9rgicas, bem como por todos n\u00f3s, tomando os cuidados necess\u00e1rios, evidenciados amplamente pelos meios de comunica\u00e7\u00e3o.&nbsp;&nbsp;&nbsp;&nbsp;<\/p>\n<p>Com minha b\u00ean\u00e7\u00e3o paternal,<\/p>\n<p><strong>Dom Mauro Montagnoli<br \/>\n<\/strong><strong>Bispo diocesano de Ilh\u00e9us<\/strong><\/p>\n<p>Fonte:Diocese de Ilh\u00e9us-Bahia<\/p>\n","protected":false},"excerpt":{"rendered":"<p>Aos diletos presb\u00edteros, senhores di\u00e1conos, estimados religiosos e religiosas e amados leigos desta nossa Diocese de S\u00e3o Jorge dos Ilh\u00e9us Car\u00edssimos filhos, a Santa Igreja Cat\u00f3lica, em sua experi\u00eancia tri milenar de cuidar das pessoas, como dom do Criador, sempre esteve atenta \u00e0s necessidades do ser humano e \u00e0s crises planet\u00e1rias, que sempre foram um&nbsp;<\/p>\n<p><a class=\"btn btn-style\" href=\"http:\/\/portalcatolico.net\/portal\/orientacoes-emergenciais-para-as-celebracoes-liturgicas\/\">Continue Reading<\/a><\/p>\n","protected":false},"author":2,"featured_media":68560,"comment_status":"open","ping_status":"open","sticky":false,"template":"","format":"standard","meta":{"footnotes":""},"categories":[4],"tags":[],"class_list":["post-68559","post","type-post","status-publish","format-standard","has-post-thumbnail","hentry","category-destaques"],"_links":{"self":[{"href":"http:\/\/portalcatolico.net\/portal\/wp-json\/wp\/v2\/posts\/68559","targetHints":{"allow":["GET"]}}],"collection":[{"href":"http:\/\/portalcatolico.net\/portal\/wp-json\/wp\/v2\/posts"}],"about":[{"href":"http:\/\/portalcatolico.net\/portal\/wp-json\/wp\/v2\/types\/post"}],"author":[{"embeddable":true,"href":"http:\/\/portalcatolico.net\/portal\/wp-json\/wp\/v2\/users\/2"}],"replies":[{"embeddable":true,"href":"http:\/\/portalcatolico.net\/portal\/wp-json\/wp\/v2\/comments?post=68559"}],"version-history":[{"count":2,"href":"http:\/\/portalcatolico.net\/portal\/wp-json\/wp\/v2\/posts\/68559\/revisions"}],"predecessor-version":[{"id":68562,"href":"http:\/\/portalcatolico.net\/portal\/wp-json\/wp\/v2\/posts\/68559\/revisions\/68562"}],"wp:featuredmedia":[{"embeddable":true,"href":"http:\/\/portalcatolico.net\/portal\/wp-json\/wp\/v2\/media\/68560"}],"wp:attachment":[{"href":"http:\/\/portalcatolico.net\/portal\/wp-json\/wp\/v2\/media?parent=68559"}],"wp:term":[{"taxonomy":"category","embeddable":true,"href":"http:\/\/portalcatolico.net\/portal\/wp-json\/wp\/v2\/categories?post=68559"},{"taxonomy":"post_tag","embeddable":true,"href":"http:\/\/portalcatolico.net\/portal\/wp-json\/wp\/v2\/tags?post=68559"}],"curies":[{"name":"wp","href":"https:\/\/api.w.org\/{rel}","templated":true}]}}