{"id":68556,"date":"2020-02-28T20:44:14","date_gmt":"2020-02-28T23:44:14","guid":{"rendered":"http:\/\/portalcatolico.net\/portal\/?p=68556"},"modified":"2020-02-28T20:44:14","modified_gmt":"2020-02-28T23:44:14","slug":"esta-religiosa-sera-a-primeira-santa-do-uruguai","status":"publish","type":"post","link":"http:\/\/portalcatolico.net\/portal\/esta-religiosa-sera-a-primeira-santa-do-uruguai\/","title":{"rendered":"Esta religiosa ser\u00e1 a primeira santa do Uruguai"},"content":{"rendered":"<p>A Beata Madre Francisca Rubatto, fundadora da Congrega\u00e7\u00e3o das Irm\u00e3s Capuchinhas no Uruguai, ser\u00e1 a primeira santa deste pa\u00eds sul-americano depois que o Papa Francisco aprovou, na semana passada, um milagre atribu\u00eddo \u00e0 sua intercess\u00e3o.<\/p>\n<p>A autoriza\u00e7\u00e3o para promulgar o decreto que reconhece o milagre atribu\u00eddo \u00e0 intercess\u00e3o da Beata Maria Francisca de Jesus foi entregue, em 21 de fevereiro, pelo Santo Padre \u00e0 Congrega\u00e7\u00e3o para as Causas dos Santos.<\/p>\n<p>O milagre foi realizado em uma jovem uruguaia que sofreu um acidente de moto no ano 2000 e teve um traumatismo craniano com hemorragia que a deixou em estado de coma.<\/p>\n<p>As ora\u00e7\u00f5es feitas a Madre Francisca permitiram a cura da jovem que ficou sem sequelas.<\/p>\n<p><strong>Madre Francisca Rubatto<\/strong><\/p>\n<p>Francisca Rubatto nasceu em Carmagnola, prov\u00edncia de Piemonte (It\u00e1lia) em 14 de fevereiro de 1844. Foi batizada no mesmo dia.<\/p>\n<p>Quando adolescente, consagrou-se a Deus e dedicou-se \u00e0s obras de caridade, \u00e0 catequese de crian\u00e7as, \u00e0 visita aos doentes de Cottolengo e aos orat\u00f3rios de Dom Bosco, em Turim.<\/p>\n<p>Em 1884, enquanto passava suas f\u00e9rias em Loano, Francisca socorreu um jovem pedreiro ferido na cabe\u00e7a. Nesse momento, sentiu o chamado de Deus e incentivada por um sacerdote capuchinho, em 25 de janeiro de 1885 fundou a Congrega\u00e7\u00e3o das Irm\u00e3s Capuchinhas para se dedicar aos doentes e, principalmente, \u00e0s crian\u00e7as e jovens abandonados.<\/p>\n<p>Em 1892, com quatro irm\u00e3s de sua congrega\u00e7\u00e3o, Madre Francisca partiu para a Am\u00e9rica Latina para realizar seu apostolado no Uruguai, Argentina e Brasil.<\/p>\n<p>Ao chegar ao Uruguai, as religiosas se estabeleceram no bairro de Belvedere, em Montevid\u00e9u, para criar um curso de costura que acabou se transformando no Col\u00e9gio S\u00e3o Jos\u00e9 da Provid\u00eancia.<\/p>\n<p>Madre Francisca Rubatto morreu em Montevid\u00e9u, em 6 de agosto de 1904. Seus restos foram enterrados no cemit\u00e9rio de La Teja, segundo expressou em seu testamento: &#8220;Que meu corpo seja enterrado em meio dos meus queridos pobres\u201d.<\/p>\n<p>Depois, seu corpo foi transladado para o Santu\u00e1rio Beata Maria Francisca Rubatto, localizado no Bairro Belvedere, em Montevid\u00e9u.<\/p>\n<p>O Papa S\u00e3o Jo\u00e3o Paulo II a proclamou beata em 10 de outubro de 1993.<\/p>\n<p>Atualmente, a Congrega\u00e7\u00e3o das Irm\u00e3s Capuchinhas est\u00e1 presente em dez pa\u00edses: It\u00e1lia, Argentina, Brasil, Peru, Uruguai, Camar\u00f5es, Eti\u00f3pia, Qu\u00eania, Malawi e Eritreia.<\/p>\n<p>Em Montevid\u00e9u e Maldonado (Uruguai), as Irm\u00e3s Capuchinhas de Madre Rubatto acompanham o crescimento humano e espiritual de crian\u00e7as e jovens no Col\u00e9gio e Liceu S\u00e3o Jos\u00e9 da Provid\u00eancia, no Col\u00e9gio&nbsp;Nossa Senhora de Lourdes&nbsp;e no Instituto Habilitado Irm\u00e3s Capuchinhas.<\/p>\n<p>Tamb\u00e9m visitam os doentes em suas casas e nos lares de idosos; oferecem encontros e retiros para diferentes grupos; e ajudam as pessoas carentes e em situa\u00e7\u00e3o de rua no santu\u00e1rio.<\/p>\n<p>Madre Francisca Rubatto. Cr\u00e9dito: Congrega\u00e7\u00e3o das Irm\u00e3s Capuchinhas do Uruguai<\/p>\n<p><em>Publicado originalmente em&nbsp;ACI Prensa. Traduzido e adaptado por Nath\u00e1lia Queiroz.<\/em><\/p>\n<p>&nbsp;<\/p>\n","protected":false},"excerpt":{"rendered":"<p>A Beata Madre Francisca Rubatto, fundadora da Congrega\u00e7\u00e3o das Irm\u00e3s Capuchinhas no Uruguai, ser\u00e1 a primeira santa deste pa\u00eds sul-americano depois que o Papa Francisco aprovou, na semana passada, um milagre atribu\u00eddo \u00e0 sua intercess\u00e3o. A autoriza\u00e7\u00e3o para promulgar o decreto que reconhece o milagre atribu\u00eddo \u00e0 intercess\u00e3o da Beata Maria Francisca de Jesus foi&nbsp;<\/p>\n<p><a class=\"btn btn-style\" href=\"http:\/\/portalcatolico.net\/portal\/esta-religiosa-sera-a-primeira-santa-do-uruguai\/\">Continue Reading<\/a><\/p>\n","protected":false},"author":2,"featured_media":68557,"comment_status":"open","ping_status":"open","sticky":false,"template":"","format":"standard","meta":{"footnotes":""},"categories":[5],"tags":[],"class_list":["post-68556","post","type-post","status-publish","format-standard","has-post-thumbnail","hentry","category-igreja_no_mundo"],"_links":{"self":[{"href":"http:\/\/portalcatolico.net\/portal\/wp-json\/wp\/v2\/posts\/68556","targetHints":{"allow":["GET"]}}],"collection":[{"href":"http:\/\/portalcatolico.net\/portal\/wp-json\/wp\/v2\/posts"}],"about":[{"href":"http:\/\/portalcatolico.net\/portal\/wp-json\/wp\/v2\/types\/post"}],"author":[{"embeddable":true,"href":"http:\/\/portalcatolico.net\/portal\/wp-json\/wp\/v2\/users\/2"}],"replies":[{"embeddable":true,"href":"http:\/\/portalcatolico.net\/portal\/wp-json\/wp\/v2\/comments?post=68556"}],"version-history":[{"count":1,"href":"http:\/\/portalcatolico.net\/portal\/wp-json\/wp\/v2\/posts\/68556\/revisions"}],"predecessor-version":[{"id":68558,"href":"http:\/\/portalcatolico.net\/portal\/wp-json\/wp\/v2\/posts\/68556\/revisions\/68558"}],"wp:featuredmedia":[{"embeddable":true,"href":"http:\/\/portalcatolico.net\/portal\/wp-json\/wp\/v2\/media\/68557"}],"wp:attachment":[{"href":"http:\/\/portalcatolico.net\/portal\/wp-json\/wp\/v2\/media?parent=68556"}],"wp:term":[{"taxonomy":"category","embeddable":true,"href":"http:\/\/portalcatolico.net\/portal\/wp-json\/wp\/v2\/categories?post=68556"},{"taxonomy":"post_tag","embeddable":true,"href":"http:\/\/portalcatolico.net\/portal\/wp-json\/wp\/v2\/tags?post=68556"}],"curies":[{"name":"wp","href":"https:\/\/api.w.org\/{rel}","templated":true}]}}