{"id":68551,"date":"2020-02-28T20:31:29","date_gmt":"2020-02-28T23:31:29","guid":{"rendered":"http:\/\/portalcatolico.net\/portal\/?p=68551"},"modified":"2020-02-28T20:31:29","modified_gmt":"2020-02-28T23:31:29","slug":"arquidiocese-de-salvador-divulga-recomendacoes-quanto-aos-cuidados-na-prevencao-contra-o-novo-coronavirus","status":"publish","type":"post","link":"http:\/\/portalcatolico.net\/portal\/arquidiocese-de-salvador-divulga-recomendacoes-quanto-aos-cuidados-na-prevencao-contra-o-novo-coronavirus\/","title":{"rendered":"Arquidiocese de Salvador divulga recomenda\u00e7\u00f5es quanto aos cuidados na preven\u00e7\u00e3o contra o novo coronav\u00edrus"},"content":{"rendered":"<p><strong>Confira:<\/strong><img loading=\"lazy\" decoding=\"async\" class=\"alignnone  wp-image-68552\" src=\"http:\/\/portalcatolico.net\/portal\/wp-content\/uploads\/2020\/02\/Orienta\u00e7\u00f5es-Coronav\u00edrus-209x300.jpg\" alt=\"\" width=\"747\" height=\"1072\" srcset=\"http:\/\/portalcatolico.net\/portal\/wp-content\/uploads\/2020\/02\/Orienta\u00e7\u00f5es-Coronav\u00edrus-209x300.jpg 209w, http:\/\/portalcatolico.net\/portal\/wp-content\/uploads\/2020\/02\/Orienta\u00e7\u00f5es-Coronav\u00edrus.jpg 624w\" sizes=\"auto, (max-width: 747px) 100vw, 747px\" \/><\/p>\n","protected":false},"excerpt":{"rendered":"<p>Confira:<\/p>\n","protected":false},"author":2,"featured_media":68553,"comment_status":"open","ping_status":"open","sticky":false,"template":"","format":"standard","meta":{"footnotes":""},"categories":[3],"tags":[],"class_list":["post-68551","post","type-post","status-publish","format-standard","has-post-thumbnail","hentry","category-noticias_regionais"],"_links":{"self":[{"href":"http:\/\/portalcatolico.net\/portal\/wp-json\/wp\/v2\/posts\/68551","targetHints":{"allow":["GET"]}}],"collection":[{"href":"http:\/\/portalcatolico.net\/portal\/wp-json\/wp\/v2\/posts"}],"about":[{"href":"http:\/\/portalcatolico.net\/portal\/wp-json\/wp\/v2\/types\/post"}],"author":[{"embeddable":true,"href":"http:\/\/portalcatolico.net\/portal\/wp-json\/wp\/v2\/users\/2"}],"replies":[{"embeddable":true,"href":"http:\/\/portalcatolico.net\/portal\/wp-json\/wp\/v2\/comments?post=68551"}],"version-history":[{"count":1,"href":"http:\/\/portalcatolico.net\/portal\/wp-json\/wp\/v2\/posts\/68551\/revisions"}],"predecessor-version":[{"id":68554,"href":"http:\/\/portalcatolico.net\/portal\/wp-json\/wp\/v2\/posts\/68551\/revisions\/68554"}],"wp:featuredmedia":[{"embeddable":true,"href":"http:\/\/portalcatolico.net\/portal\/wp-json\/wp\/v2\/media\/68553"}],"wp:attachment":[{"href":"http:\/\/portalcatolico.net\/portal\/wp-json\/wp\/v2\/media?parent=68551"}],"wp:term":[{"taxonomy":"category","embeddable":true,"href":"http:\/\/portalcatolico.net\/portal\/wp-json\/wp\/v2\/categories?post=68551"},{"taxonomy":"post_tag","embeddable":true,"href":"http:\/\/portalcatolico.net\/portal\/wp-json\/wp\/v2\/tags?post=68551"}],"curies":[{"name":"wp","href":"https:\/\/api.w.org\/{rel}","templated":true}]}}