{"id":68545,"date":"2020-02-29T00:24:52","date_gmt":"2020-02-29T03:24:52","guid":{"rendered":"http:\/\/portalcatolico.net\/portal\/?p=68545"},"modified":"2020-02-28T20:25:13","modified_gmt":"2020-02-28T23:25:13","slug":"prepare-se-para-as-festividades-de-sao-jose-em-itabuna-e-regiao","status":"publish","type":"post","link":"http:\/\/portalcatolico.net\/portal\/prepare-se-para-as-festividades-de-sao-jose-em-itabuna-e-regiao\/","title":{"rendered":"Prepare-se para as festividades de S\u00e3o Jos\u00e9 em Itabuna e regi\u00e3o"},"content":{"rendered":"<p>De 10 a 19, mar\u00e7o, acontece em Itabuna (BA), a Festa do padroeiro da cidade, da catedral e da diocese: S\u00e3o Jos\u00e9!<\/p>\n<p>&nbsp;O tema&nbsp;central da festa \u00e9:&#8221;Senhor que queres de mim?&#8221; E o lema: &#8220;Vem e&nbsp;seque-me&#8221; (Mt. 19,21) .<\/p>\n<p>A par\u00f3quia Catedral S\u00e3o Jos\u00e9, fica situada na Rua&nbsp;Na\u00e7\u00f5es unidas, 400, centro da cidade de Itabuna.&nbsp;<\/p>\n<p>A diocese de Itabuna tem mais&nbsp; duas par\u00f3quias que tem S\u00e3o Jos\u00e9 como padroeiro, nas cidades de&nbsp;Una e S\u00e3o Jos\u00e9 da Vit\u00f3ria. Em breve, voc\u00ea confere aqui, a programa\u00e7\u00e3o completa da festa. <strong>Aguarde!<\/strong><\/p>\n","protected":false},"excerpt":{"rendered":"<p>De 10 a 19, mar\u00e7o, acontece em Itabuna (BA), a Festa do padroeiro da cidade, da catedral e da diocese: S\u00e3o Jos\u00e9! &nbsp;O tema&nbsp;central da festa \u00e9:&#8221;Senhor que queres de mim?&#8221; E o lema: &#8220;Vem e&nbsp;seque-me&#8221; (Mt. 19,21) . A par\u00f3quia Catedral S\u00e3o Jos\u00e9, fica situada na Rua&nbsp;Na\u00e7\u00f5es unidas, 400, centro da cidade de Itabuna.&nbsp;&nbsp;<\/p>\n<p><a class=\"btn btn-style\" href=\"http:\/\/portalcatolico.net\/portal\/prepare-se-para-as-festividades-de-sao-jose-em-itabuna-e-regiao\/\">Continue Reading<\/a><\/p>\n","protected":false},"author":2,"featured_media":68548,"comment_status":"open","ping_status":"open","sticky":false,"template":"","format":"standard","meta":{"footnotes":""},"categories":[4],"tags":[],"class_list":["post-68545","post","type-post","status-publish","format-standard","has-post-thumbnail","hentry","category-destaques"],"_links":{"self":[{"href":"http:\/\/portalcatolico.net\/portal\/wp-json\/wp\/v2\/posts\/68545","targetHints":{"allow":["GET"]}}],"collection":[{"href":"http:\/\/portalcatolico.net\/portal\/wp-json\/wp\/v2\/posts"}],"about":[{"href":"http:\/\/portalcatolico.net\/portal\/wp-json\/wp\/v2\/types\/post"}],"author":[{"embeddable":true,"href":"http:\/\/portalcatolico.net\/portal\/wp-json\/wp\/v2\/users\/2"}],"replies":[{"embeddable":true,"href":"http:\/\/portalcatolico.net\/portal\/wp-json\/wp\/v2\/comments?post=68545"}],"version-history":[{"count":1,"href":"http:\/\/portalcatolico.net\/portal\/wp-json\/wp\/v2\/posts\/68545\/revisions"}],"predecessor-version":[{"id":68549,"href":"http:\/\/portalcatolico.net\/portal\/wp-json\/wp\/v2\/posts\/68545\/revisions\/68549"}],"wp:featuredmedia":[{"embeddable":true,"href":"http:\/\/portalcatolico.net\/portal\/wp-json\/wp\/v2\/media\/68548"}],"wp:attachment":[{"href":"http:\/\/portalcatolico.net\/portal\/wp-json\/wp\/v2\/media?parent=68545"}],"wp:term":[{"taxonomy":"category","embeddable":true,"href":"http:\/\/portalcatolico.net\/portal\/wp-json\/wp\/v2\/categories?post=68545"},{"taxonomy":"post_tag","embeddable":true,"href":"http:\/\/portalcatolico.net\/portal\/wp-json\/wp\/v2\/tags?post=68545"}],"curies":[{"name":"wp","href":"https:\/\/api.w.org\/{rel}","templated":true}]}}