{"id":68543,"date":"2020-02-28T19:55:19","date_gmt":"2020-02-28T22:55:19","guid":{"rendered":"http:\/\/portalcatolico.net\/portal\/?p=68543"},"modified":"2020-02-28T19:55:19","modified_gmt":"2020-02-28T22:55:19","slug":"cuida-dele-o-remedio","status":"publish","type":"post","link":"http:\/\/portalcatolico.net\/portal\/cuida-dele-o-remedio\/","title":{"rendered":"\u201cCuida dele\u201d &#8211; o rem\u00e9dio"},"content":{"rendered":"<p>O tempo da Quaresma, por seus quarenta dias, \u00e9 uma delicadeza de Deus. Profecia que ressoa no cora\u00e7\u00e3o da humanidade, pela voz da Igreja Cat\u00f3lica, com sua liturgia de rica tradi\u00e7\u00e3o e guardi\u00e3 de tesouros de sabedoria e interpela\u00e7\u00f5es. Desafia a sociedade, sensibilizando cora\u00e7\u00f5es a se empenhar por um tempo novo de justi\u00e7a e paz.<\/p>\n<p>A Igreja Cat\u00f3lica no Brasil, h\u00e1 56 anos, a partir de sua Confer\u00eancia Nacional dos Bispos do Brasil (CNBB), enriquece o caminho quaresmal com interpela\u00e7\u00f5es prof\u00e9ticas e indispens\u00e1veis \u00e0 realidade brasileira, que geme de morte e clama por novas din\u00e2micas, pr\u00e1ticas solid\u00e1rias e urgentes rem\u00e9dios. A Campanha da Fraternidade convida os crist\u00e3os a caminhar, no tempo de seu viver, revestidos da cidadania do Reino de Deus. Isso exige marcar a cidadania civil com as fei\u00e7\u00f5es do Reino de Deus.&nbsp; Compreende-se, assim, de onde vem a exig\u00eancia de convers\u00e3o pessoal e cidad\u00e3 comprometida com transforma\u00e7\u00f5es urgentes e inadi\u00e1veis, debelando os cen\u00e1rios vergonhosos de mis\u00e9ria, pobrezas, exterm\u00ednios, corrup\u00e7\u00f5es e manipula\u00e7\u00f5es pol\u00edticas.<\/p>\n<p>A Igreja Cat\u00f3lica n\u00e3o se ilude com projetos de poder pol\u00edtico-partid\u00e1rio. N\u00e3o mistura o que requer distin\u00e7\u00f5es. Age por uma intr\u00ednseca exig\u00eancia prof\u00e9tica, pela luz e pela for\u00e7a do Evangelho de Jesus Cristo, para ajudar a sociedade, a partir da experi\u00eancia aut\u00eantica e comprometida de f\u00e9. Contribui para que todos reconhe\u00e7am o rem\u00e9dio capaz de curar males e enfermidades que adoecem a humanidade: a li\u00e7\u00e3o do cuidado. Aprendizado que arranca indiv\u00edduos, inst\u00e2ncias e institui\u00e7\u00f5es da mesmice egoc\u00eantrica, desdobrada em gan\u00e2ncia, nas indiferen\u00e7as e nas superficialidades de escolhas para o viver &#8211; frutos das relativiza\u00e7\u00f5es respons\u00e1veis pelo aumento das viol\u00eancias, dos suic\u00eddios, do esvaziamento da mente que atinge representantes do povo, governantes e l\u00edderes de diferentes segmentos, religiosos, culturais, educativos e tantos outros.&nbsp;<\/p>\n<p>A interpela\u00e7\u00e3o, &#8220;Cuida dele, o rem\u00e9dio&#8221;, vem da s\u00e1bia e magistral indica\u00e7\u00e3o do cora\u00e7\u00e3o de Jesus, na par\u00e1bola do Bom Samaritano, para responder, de modo assertivo e completo, \u00e0 pergunta que deve ecoar no cora\u00e7\u00e3o de cada pessoa: quem \u00e9 o seu pr\u00f3ximo?&nbsp; Respond\u00ea-la adequadamente \u00e9 o passo fundamental para que a sociedade brasileira consiga colocar a vida em primeiro lugar. Ainda que sejam reconhecidos sinais de esperan\u00e7a em atitudes cidad\u00e3s, em projetos e programas envolvendo institui\u00e7\u00f5es e inst\u00e2ncias, diferentes cen\u00e1rios trazem exig\u00eancias e urg\u00eancias muito grandes e complexas. Pedem novas posturas e atitudes capazes de gerar transforma\u00e7\u00f5es urgentes &#8211; nenhum cidad\u00e3o pode se conformar, contentando-se com mediocridades.<\/p>\n<p>H\u00e1 muito que fazer. Basta pensar que a desigualdade \u00e9 um distintivo inaceit\u00e1vel da sociedade brasileira, consequ\u00eancia de din\u00e2micas autodestrutivas que atacam o meio ambiente, a exemplo do desarvoro e descontrole da minera\u00e7\u00e3o predat\u00f3ria. Faltam mais compreens\u00e3o e recursos human\u00edsticos aos grandes l\u00edderes para que possam pensar adequadamente e contribuir para o fortalecimento, para a qualifica\u00e7\u00e3o das institui\u00e7\u00f5es democr\u00e1ticas, ao inv\u00e9s de enfraquec\u00ea-las com ataques figadais. Sem lucidez, est\u00e3o em risco patrim\u00f4nios humanos, religiosos e culturais, necess\u00e1rios para que a sociedade avance e n\u00e3o se feche em estreitezas. Diferentes estat\u00edsticas mostram que a sociedade brasileira precisa mudar. Comprovam a necessidade urgente de um caminho espiritual renovador, diferente daquele que \u00e9 partid\u00e1rio e estreitado pelo fundamentalismo de um cristianismo torto. &nbsp;<\/p>\n<p>O caminho espiritual renovador \u00e9 percorrido por uma op\u00e7\u00e3o que nasce da capacidade de cuidar dele, do pr\u00f3ximo, da Casa Comum e, sobretudo, dos mais pobres e dos indefesos. Assim, a Campanha da Fraternidade neste ano, no horizonte interpelante do tempo Quaresmal &#8211; convite \u00e0 convers\u00e3o e \u00e0s mudan\u00e7as de rumos, em favor da vida \u2013 interpela cada pessoa a acolher o chamado: \u201cCuida dele!\u201d. Trata-se de eficaz rem\u00e9dio para corrigir descompassos. A ado\u00e7\u00e3o das din\u00e2micas simples e ao mesmo tempo abrangentes dessa indica\u00e7\u00e3o evang\u00e9lica contribuir\u00e1 para que a sociedade supere viol\u00eancias e exterm\u00ednios, indiferen\u00e7as e gan\u00e2ncias, impulsionando os di\u00e1logos, os entendimentos cidad\u00e3os e a democracia, urg\u00eancias deste tempo.<\/p>\n<p>Cuidar do pr\u00f3ximo \u00e9 espiritualidade com for\u00e7a para qualificar a cidadania, no horizonte da compreens\u00e3o de que a vida \u00e9 dom e compromisso. Urge-se uma envergadura humana e espiritual em cada pessoa, para que o cuidado com o semelhante inspire a\u00e7\u00f5es, tarefas e atua\u00e7\u00e3o em todos os \u00e2mbitos. Projeta-se, nesse horizonte de interpela\u00e7\u00e3o, a figura admir\u00e1vel de Santa Dulce dos Pobres, mulher fisicamente fr\u00e1gil, gigante na envergadura moral, espiritual e humana, com for\u00e7a para criar e perpetuar servi\u00e7os transformadores, por ser fiel disc\u00edpula de Jesus, por acolher, amorosamente, a m\u00edstica do rem\u00e9dio que est\u00e1 no convite-convoca\u00e7\u00e3o, ao olhar o meio ambiente, a comunidade de f\u00e9, a pr\u00f3pria fam\u00edlia, os pobres, o pr\u00f3ximo: \u201cCuida dele!\u201d.<\/p>\n<p>Dom Walmor Oliveira de Azevedo<\/p>\n<p>Arcebispo metropolitano de Belo Horizonte (MG)<\/p>\n<p>Presidente da Confer\u00eancia Nacional dos Bispos do Brasil(CNBB)<\/p>\n","protected":false},"excerpt":{"rendered":"<p>O tempo da Quaresma, por seus quarenta dias, \u00e9 uma delicadeza de Deus. Profecia que ressoa no cora\u00e7\u00e3o da humanidade, pela voz da Igreja Cat\u00f3lica, com sua liturgia de rica tradi\u00e7\u00e3o e guardi\u00e3 de tesouros de sabedoria e interpela\u00e7\u00f5es. Desafia a sociedade, sensibilizando cora\u00e7\u00f5es a se empenhar por um tempo novo de justi\u00e7a e paz.&nbsp;<\/p>\n<p><a class=\"btn btn-style\" href=\"http:\/\/portalcatolico.net\/portal\/cuida-dele-o-remedio\/\">Continue Reading<\/a><\/p>\n","protected":false},"author":2,"featured_media":64225,"comment_status":"open","ping_status":"open","sticky":false,"template":"","format":"standard","meta":{"footnotes":""},"categories":[69],"tags":[],"class_list":["post-68543","post","type-post","status-publish","format-standard","has-post-thumbnail","hentry","category-artigos"],"_links":{"self":[{"href":"http:\/\/portalcatolico.net\/portal\/wp-json\/wp\/v2\/posts\/68543","targetHints":{"allow":["GET"]}}],"collection":[{"href":"http:\/\/portalcatolico.net\/portal\/wp-json\/wp\/v2\/posts"}],"about":[{"href":"http:\/\/portalcatolico.net\/portal\/wp-json\/wp\/v2\/types\/post"}],"author":[{"embeddable":true,"href":"http:\/\/portalcatolico.net\/portal\/wp-json\/wp\/v2\/users\/2"}],"replies":[{"embeddable":true,"href":"http:\/\/portalcatolico.net\/portal\/wp-json\/wp\/v2\/comments?post=68543"}],"version-history":[{"count":1,"href":"http:\/\/portalcatolico.net\/portal\/wp-json\/wp\/v2\/posts\/68543\/revisions"}],"predecessor-version":[{"id":68544,"href":"http:\/\/portalcatolico.net\/portal\/wp-json\/wp\/v2\/posts\/68543\/revisions\/68544"}],"wp:featuredmedia":[{"embeddable":true,"href":"http:\/\/portalcatolico.net\/portal\/wp-json\/wp\/v2\/media\/64225"}],"wp:attachment":[{"href":"http:\/\/portalcatolico.net\/portal\/wp-json\/wp\/v2\/media?parent=68543"}],"wp:term":[{"taxonomy":"category","embeddable":true,"href":"http:\/\/portalcatolico.net\/portal\/wp-json\/wp\/v2\/categories?post=68543"},{"taxonomy":"post_tag","embeddable":true,"href":"http:\/\/portalcatolico.net\/portal\/wp-json\/wp\/v2\/tags?post=68543"}],"curies":[{"name":"wp","href":"https:\/\/api.w.org\/{rel}","templated":true}]}}