{"id":68508,"date":"2020-02-20T23:34:31","date_gmt":"2020-02-21T02:34:31","guid":{"rendered":"http:\/\/portalcatolico.net\/portal\/?p=68508"},"modified":"2020-02-23T21:42:15","modified_gmt":"2020-02-24T00:42:15","slug":"paroquia-santo-antonio-de-itabuna-completa-30-anos-nesta-quinta-feira","status":"publish","type":"post","link":"http:\/\/portalcatolico.net\/portal\/paroquia-santo-antonio-de-itabuna-completa-30-anos-nesta-quinta-feira\/","title":{"rendered":"PAR\u00d3QUIA  SANTO ANT\u00d4NIO DE ITABUNA COMPLETA 30 ANOS NESTA QUINTA-FEIRA"},"content":{"rendered":"<p><em><img loading=\"lazy\" decoding=\"async\" class=\"alignnone wp-image-68511\" src=\"http:\/\/portalcatolico.net\/portal\/wp-content\/uploads\/2020\/02\/97d96004-16af-48c3-8aca-cf6e85c9c4c2-300x205.jpg\" alt=\"\" width=\"740\" height=\"506\" srcset=\"http:\/\/portalcatolico.net\/portal\/wp-content\/uploads\/2020\/02\/97d96004-16af-48c3-8aca-cf6e85c9c4c2-300x205.jpg 300w, http:\/\/portalcatolico.net\/portal\/wp-content\/uploads\/2020\/02\/97d96004-16af-48c3-8aca-cf6e85c9c4c2.jpg 720w\" sizes=\"auto, (max-width: 740px) 100vw, 740px\" \/>A Par\u00f3quia Santo Ant\u00f4nio, de Itabuna, completou 30 anos de exist\u00eancia na Diocese de Itabuna, no sul da Bahia. Com uma comunidade bastante fervorosa, a par\u00f3quia coleciona boas lembran\u00e7as durante essa longa caminhada. <\/em><\/p>\n<p><em>&nbsp;<\/em><em>Em 20 de fevereiro de 1990, + Dom Paulo Lopes de Farias emitiu o Decreto em que estabeleceu a cria\u00e7\u00e3o e a constitui\u00e7\u00e3o da Par\u00f3quia. Cinco padres (Pe. Silas, Pe. Henrique, Pe. Osmar, Pe. Edivaldo e Pe. Jos\u00e9 Andrade, atual p\u00e1roco) j\u00e1 passaram por esta comunidade. <\/em><\/p>\n<p><em>&nbsp;<img loading=\"lazy\" decoding=\"async\" class=\"size-medium wp-image-68513 alignleft\" src=\"http:\/\/portalcatolico.net\/portal\/wp-content\/uploads\/2020\/02\/63564be5-7650-4925-8218-5f055dfe1d43-300x225.jpg\" alt=\"\" width=\"300\" height=\"225\" srcset=\"http:\/\/portalcatolico.net\/portal\/wp-content\/uploads\/2020\/02\/63564be5-7650-4925-8218-5f055dfe1d43-300x225.jpg 300w, http:\/\/portalcatolico.net\/portal\/wp-content\/uploads\/2020\/02\/63564be5-7650-4925-8218-5f055dfe1d43.jpg 720w\" sizes=\"auto, (max-width: 300px) 100vw, 300px\" \/><\/em><em>Para Pe Jos\u00e9 Andrade, \u00e9 uma grande satisfa\u00e7\u00e3o est\u00e1 servindo a comunidade, ainda mais quando ela completa seus 30 anos de exist\u00eancia. &#8220;Fico muito feliz em poder servir a est\u00e1 comunidade. Em seus 30 anos, muitas hist\u00f3rias e lembran\u00e7as temos para compartilhar. Em especial, no ano em que completamos 30 anos de cria\u00e7\u00e3o, estamos dando esse belo presente \u00e0 Santo Ant\u00f4nio e ao Nosso Senhor Jesus Cristo, a pintura interna e externa de nossa matriz. Muito me alegro em fazer parte desta comunidade&#8221;, disse Pe Andrade.<\/em><\/p>\n<p><strong><em>DECRETO DE CRIA\u00c7\u00c3O DA PAR\u00d3QUIA SANTO ANT\u00d4NIO<\/em><\/strong><\/p>\n<p><em>Dom Paulo Lopes de Farias, por gra\u00e7as de Deus e da Santa S\u00e9 Apost\u00f3lica Diocesana de Itabuna<\/em><\/p>\n<p><em>Decreto no 1\/1990<\/em><\/p>\n<p><em>Pelo presente decreto can\u00f4nico, venho criar e constituir a Par\u00f3quia Santo Ant\u00f4nio na cidade de Itabuna.<\/em><\/p>\n<p><em>Tendo em vista o bem estar espiritual e pastoral, bem como a promo\u00e7\u00e3o humana na diocese de Itabuna, confiada aos meus cuidados, de acordo com os c\u00e2nons 515 a 552 e tendo ouvido o conselho presbiteral em reuni\u00e3o no dia 19 de fevereiro de 1990, assino este decreto, criando e constituindo esta nova par\u00f3quia de santo Ant\u00f4nio.<\/em><\/p>\n<p><em>A Par\u00f3quia Santo Ant\u00f4nio \u00e9 totalmente desmembrada da Par\u00f3quia Catedral S\u00e3o Jos\u00e9 abrange, territorialmente, toda a \u00e1rea confiada entre a Av. Itaju\u00edpe e Avenida Ibicara\u00ed, BR 101 &nbsp;bairro Santo Ant\u00f4nio e S\u00e3o Louren\u00e7o, limitando com a par\u00f3quia de Itaju\u00edpe, diocese de Ilh\u00e9us.<\/em><\/p>\n<p><em>A sede da Par\u00f3quia Santo Ant\u00f4nio ser\u00e1 a atual capela de Santo Ant\u00f4nio, onde se re\u00fane a comunidade.<\/em><\/p>\n<p><em>Ficam pertencendo a esta par\u00f3quia de Santo Ant\u00f4nio as capelas que existem dentro deste territ\u00f3rio o presente decreto dever\u00e1 ser lido no ato de instala\u00e7\u00e3o da nova par\u00f3quia, e dever\u00e1 tamb\u00e9m ser transcrito no livro de tombo desta nova par\u00f3quia e da catedral s\u00e3o Jose. Dado e passado em nossa c\u00faria diocesana de Itabuna no dia 20 de fevereiro de 1990.<\/em><\/p>\n<p><em>+ Dom Paulo Lopes de Faria &#8211; Bispo diocesano de Itabuna\/BA&nbsp;&nbsp;&nbsp;&nbsp;&nbsp;&nbsp;&nbsp;&nbsp;&nbsp;&nbsp;&nbsp;&nbsp;&nbsp;&nbsp;&nbsp;&nbsp;&nbsp;&nbsp;&nbsp;&nbsp;&nbsp;&nbsp;&nbsp;&nbsp;&nbsp;&nbsp;&nbsp;&nbsp;&nbsp;&nbsp;&nbsp;&nbsp;&nbsp;&nbsp;&nbsp;&nbsp;&nbsp;&nbsp; <\/em><\/p>\n<p><em>Padre Edvaldo Borges Marques- Chanceler do Bispado<\/em><\/p>\n","protected":false},"excerpt":{"rendered":"<p>A Par\u00f3quia Santo Ant\u00f4nio, de Itabuna, completou 30 anos de exist\u00eancia na Diocese de Itabuna, no sul da Bahia. Com uma comunidade bastante fervorosa, a par\u00f3quia coleciona boas lembran\u00e7as durante essa longa caminhada. &nbsp;Em 20 de fevereiro de 1990, + Dom Paulo Lopes de Farias emitiu o Decreto em que estabeleceu a cria\u00e7\u00e3o e a&nbsp;<\/p>\n<p><a class=\"btn btn-style\" href=\"http:\/\/portalcatolico.net\/portal\/paroquia-santo-antonio-de-itabuna-completa-30-anos-nesta-quinta-feira\/\">Continue Reading<\/a><\/p>\n","protected":false},"author":2,"featured_media":68509,"comment_status":"open","ping_status":"open","sticky":false,"template":"","format":"standard","meta":{"footnotes":""},"categories":[4],"tags":[],"class_list":["post-68508","post","type-post","status-publish","format-standard","has-post-thumbnail","hentry","category-destaques"],"_links":{"self":[{"href":"http:\/\/portalcatolico.net\/portal\/wp-json\/wp\/v2\/posts\/68508","targetHints":{"allow":["GET"]}}],"collection":[{"href":"http:\/\/portalcatolico.net\/portal\/wp-json\/wp\/v2\/posts"}],"about":[{"href":"http:\/\/portalcatolico.net\/portal\/wp-json\/wp\/v2\/types\/post"}],"author":[{"embeddable":true,"href":"http:\/\/portalcatolico.net\/portal\/wp-json\/wp\/v2\/users\/2"}],"replies":[{"embeddable":true,"href":"http:\/\/portalcatolico.net\/portal\/wp-json\/wp\/v2\/comments?post=68508"}],"version-history":[{"count":5,"href":"http:\/\/portalcatolico.net\/portal\/wp-json\/wp\/v2\/posts\/68508\/revisions"}],"predecessor-version":[{"id":68517,"href":"http:\/\/portalcatolico.net\/portal\/wp-json\/wp\/v2\/posts\/68508\/revisions\/68517"}],"wp:featuredmedia":[{"embeddable":true,"href":"http:\/\/portalcatolico.net\/portal\/wp-json\/wp\/v2\/media\/68509"}],"wp:attachment":[{"href":"http:\/\/portalcatolico.net\/portal\/wp-json\/wp\/v2\/media?parent=68508"}],"wp:term":[{"taxonomy":"category","embeddable":true,"href":"http:\/\/portalcatolico.net\/portal\/wp-json\/wp\/v2\/categories?post=68508"},{"taxonomy":"post_tag","embeddable":true,"href":"http:\/\/portalcatolico.net\/portal\/wp-json\/wp\/v2\/tags?post=68508"}],"curies":[{"name":"wp","href":"https:\/\/api.w.org\/{rel}","templated":true}]}}