{"id":68505,"date":"2020-02-21T20:12:45","date_gmt":"2020-02-21T23:12:45","guid":{"rendered":"http:\/\/portalcatolico.net\/portal\/?p=68505"},"modified":"2020-02-21T20:12:45","modified_gmt":"2020-02-21T23:12:45","slug":"bispos-portugueses-recebem-com-tristeza-aprovacao-da-despenalizacao-da-eutanasia-no-pais","status":"publish","type":"post","link":"http:\/\/portalcatolico.net\/portal\/bispos-portugueses-recebem-com-tristeza-aprovacao-da-despenalizacao-da-eutanasia-no-pais\/","title":{"rendered":"Bispos portugueses recebem com tristeza aprova\u00e7\u00e3o da despenaliza\u00e7\u00e3o da eutan\u00e1sia no pa\u00eds"},"content":{"rendered":"<div class=\"article__subTitle\">Episcopado portugu\u00eas reiterou a defesa da vida, enquanto a Associa\u00e7\u00e3o dos M\u00e9dicos Cat\u00f3licos Portugueses afirmou em um comunicado que &#8220;a eutan\u00e1sia nunca poder\u00e1 ser considerada como um ato m\u00e9dico&#8221;, e pede que o presidente da Rep\u00fablica vete o projeto de lei.<\/div>\n<div>&nbsp;<\/div>\n<div class=\"title__separator\">A Confer\u00eancia Episcopal Portuguesa (CEP) expressou \u201cenorme tristeza\u201d pela aprova\u00e7\u00e3o na quinta-feira, 20, dos cinco projetos de lei&nbsp; \u2013 BE, PS, PAN, PEV e Iniciativa Liberal \u2013 que legalizam a eutan\u00e1sia no pa\u00eds, e reiterou seu apoio a todas as iniciativas que atuam pela \u201cdefesa da vida\u201d.<\/div>\n<div class=\"article__text\">\n<p>Em comunicado enviado \u00e0 Ag\u00eancia Ecclesia ainda na quinta-feira, o secret\u00e1rio e porta-voz da Confer\u00eancia Episcopal portuguesa, padre Manuel Barbosa, afirmou que \u201c\u00e9 com enorme tristeza que assistimos hoje \u00e0 decis\u00e3o da Assembleia da Rep\u00fablica ao aprovar, em vota\u00e7\u00e3o na generalidade, cinco projetos de despenaliza\u00e7\u00e3o da eutan\u00e1sia\u201d.<\/p>\n<p>O sacerdote recordou a posi\u00e7\u00e3o do Conselho Permanente de 11 de fevereiro, onde assume a necessidade de defesa da vida \u201cem profunda sintonia com o Papa Francisco\u201d, que desafia os profissionais da sa\u00fade a \u201cterem em vista constantemente a dignidade e a vida da pessoa, sem qualquer ced\u00eancia a atos como a eutan\u00e1sia, o suic\u00eddio assistido ou a supress\u00e3o da vida, mesmo se o estado da doen\u00e7a for irrevers\u00edvel\u201d. \u201cA Confer\u00eancia Episcopal acompanha e apoia todas as iniciativas que continuar\u00e3o a decorrer pela defesa da vida e contra a eutan\u00e1sia\u201d, refere o comunicado.<\/p>\n<p><strong>Patriarca de Lisboa: vida contemplada em todo o arco existencial<\/strong><\/p>\n<p>O porta-voz dos bispos portugueses tamb\u00e9m recorda as declara\u00e7\u00f5es do cardeal-patriarca de Lisboa e presidente da Confer\u00eancia Episcopal Portuguesa no contexto do debate parlamentar, onde sublinha a necessidade da vida ser \u201cdevidamente contemplada em todo o arco existencial\u201d.<\/p>\n<p>\u201cAquilo que importa enquanto Igreja, e importa a muitas outras for\u00e7as da sociedade civil, a maior parte delas nem s\u00e3o propriamente presen\u00e7as religiosas, s\u00e3o profissionais e de outras \u00e1reas, e at\u00e9 inter-religiosas, \u00e9 que a vida seja devidamente contemplada em todo o arco existencial, independentemente do que possa acontecer legislativamente\u201d, disse D. Manuel Clemente.<\/p>\n<p>Para o cardeal-patriarca de Lisboa, afirmar a vida \u201cno seu todo\u201d \u00e9 \u201cuma insist\u00eancia\u201d e uma convic\u00e7\u00e3o que \u201cpermanece independentemente do que possa acontecer legislativamente\u201d, que implica todos \u201ccomo sociedade, crentes e n\u00e3o crentes\u201d, disse esta tarde aos jornalistas.<\/p>\n<p>\u201cN\u00e3o basta dizer, como dizemos e insistimos porque estamos convictos disso, que vida tem de ser contemplada no seu todo. Porque se come\u00e7amos a fazer exce\u00e7\u00f5es, mesmo que sejam a pedido, a vida n\u00e3o se aguenta na sua inteireza\u201d, sublinhou, real\u00e7ando que como sociedade \u00e9 preciso estar \u201cmais presentes\u201d.<\/p>\n<p>O cardeal-patriarca de Lisboa reafirmou o apelo que tem feito aos pol\u00edticos de que \u201cesta \u00e9 uma frente comum, \u00e9 uma frente humana, essencial\u201d e n\u00e3o se pode \u201cdeixar ningu\u00e9m sozinho ao longo da sua vida\u201d, sobretudo quando mais precisa.<\/p>\n<p><strong>Eutan\u00e1sia nunca poder\u00e1 ser considerada como um ato m\u00e9dico<\/strong><\/p>\n<p>A Associa\u00e7\u00e3o dos M\u00e9dicos Cat\u00f3licos Portugueses (AMCP), por meio de uma nota, considera a decis\u00e3o como um \u201cretrocesso civilizacional\u201d e pede ao Presidente da Rep\u00fablica para vetar o projeto.<\/p>\n<p>\u201cA AMCP reitera que \u00e9 absolutamente contra a eutan\u00e1sia e exorta a um maior investimento das entidades competentes nos cuidados paliativos em Portugal\u201d e reafirma que &nbsp;\u201ca legisla\u00e7\u00e3o aprovada criar\u00e1 uma desconfian\u00e7a generalizada na rela\u00e7\u00e3o m\u00e9dico-doente, j\u00e1 que o poder de provocar ou antecipar a morte de algu\u00e9m, ainda que a pedido do pr\u00f3prio, vai contra a pr\u00f3pria medicina.\u201d&nbsp;<\/p>\n<p>\u201cA medicina apoia a sua pr\u00e1tica no diagn\u00f3stico e no tratamento das doen\u00e7as, no al\u00edvio do sofrimento dos doentes,&nbsp;sempre com a finalidade de defesa da vida humana e n\u00e3o em decis\u00f5es que, com o subterf\u00fagio&nbsp;de querer eliminar o sofrimento do doente, eliminam a pessoa\u201d, diz o comunicado. \u201cPor este motivo, a eutan\u00e1sia nunca poder\u00e1 ser considerada como um ato m\u00e9dico.\u201d<\/p>\n<p>(Com&nbsp; informa\u00e7\u00f5es da&nbsp;<i>Ag\u00eancia Ecclesia<\/i>&nbsp;e do Vatican News)<\/p>\n<\/div>\n","protected":false},"excerpt":{"rendered":"<p>Episcopado portugu\u00eas reiterou a defesa da vida, enquanto a Associa\u00e7\u00e3o dos M\u00e9dicos Cat\u00f3licos Portugueses afirmou em um comunicado que &#8220;a eutan\u00e1sia nunca poder\u00e1 ser considerada como um ato m\u00e9dico&#8221;, e pede que o presidente da Rep\u00fablica vete o projeto de lei. &nbsp; A Confer\u00eancia Episcopal Portuguesa (CEP) expressou \u201cenorme tristeza\u201d pela aprova\u00e7\u00e3o na quinta-feira, 20,&nbsp;<\/p>\n<p><a class=\"btn btn-style\" href=\"http:\/\/portalcatolico.net\/portal\/bispos-portugueses-recebem-com-tristeza-aprovacao-da-despenalizacao-da-eutanasia-no-pais\/\">Continue Reading<\/a><\/p>\n","protected":false},"author":2,"featured_media":68506,"comment_status":"open","ping_status":"open","sticky":false,"template":"","format":"standard","meta":{"footnotes":""},"categories":[5],"tags":[],"class_list":["post-68505","post","type-post","status-publish","format-standard","has-post-thumbnail","hentry","category-igreja_no_mundo"],"_links":{"self":[{"href":"http:\/\/portalcatolico.net\/portal\/wp-json\/wp\/v2\/posts\/68505","targetHints":{"allow":["GET"]}}],"collection":[{"href":"http:\/\/portalcatolico.net\/portal\/wp-json\/wp\/v2\/posts"}],"about":[{"href":"http:\/\/portalcatolico.net\/portal\/wp-json\/wp\/v2\/types\/post"}],"author":[{"embeddable":true,"href":"http:\/\/portalcatolico.net\/portal\/wp-json\/wp\/v2\/users\/2"}],"replies":[{"embeddable":true,"href":"http:\/\/portalcatolico.net\/portal\/wp-json\/wp\/v2\/comments?post=68505"}],"version-history":[{"count":1,"href":"http:\/\/portalcatolico.net\/portal\/wp-json\/wp\/v2\/posts\/68505\/revisions"}],"predecessor-version":[{"id":68507,"href":"http:\/\/portalcatolico.net\/portal\/wp-json\/wp\/v2\/posts\/68505\/revisions\/68507"}],"wp:featuredmedia":[{"embeddable":true,"href":"http:\/\/portalcatolico.net\/portal\/wp-json\/wp\/v2\/media\/68506"}],"wp:attachment":[{"href":"http:\/\/portalcatolico.net\/portal\/wp-json\/wp\/v2\/media?parent=68505"}],"wp:term":[{"taxonomy":"category","embeddable":true,"href":"http:\/\/portalcatolico.net\/portal\/wp-json\/wp\/v2\/categories?post=68505"},{"taxonomy":"post_tag","embeddable":true,"href":"http:\/\/portalcatolico.net\/portal\/wp-json\/wp\/v2\/tags?post=68505"}],"curies":[{"name":"wp","href":"https:\/\/api.w.org\/{rel}","templated":true}]}}