{"id":68502,"date":"2020-02-21T20:04:40","date_gmt":"2020-02-21T23:04:40","guid":{"rendered":"http:\/\/portalcatolico.net\/portal\/?p=68502"},"modified":"2020-02-21T20:05:09","modified_gmt":"2020-02-21T23:05:09","slug":"sonhos-e-resistencias","status":"publish","type":"post","link":"http:\/\/portalcatolico.net\/portal\/sonhos-e-resistencias\/","title":{"rendered":"Sonhos e resist\u00eancias"},"content":{"rendered":"<p>O Papa Francisco, ao compartilhar seus quatro sonhos \u2013 social, cultural, ecol\u00f3gico e eclesial -, convida todos &#8211; Igreja e sociedade &#8211; a sonharem juntos, embora haja quem permane\u00e7a entrincheirado nas resist\u00eancias. Alguns fazem parte da Igreja, sem se dar conta da viragem civilizat\u00f3ria que est\u00e1 ocorrendo em todo o mundo. Dentro dessas transforma\u00e7\u00f5es em curso uma situa\u00e7\u00e3o \u00e9 preocupante: o fen\u00f4meno de um cristianismo torto, que se expande e se mistura com projetos pol\u00edticos de poder, numa perigosa simbiose de interesses pol\u00edtico-partid\u00e1rios, que envolve discursos e pr\u00e1ticas mais ligados \u00e0s manipula\u00e7\u00f5es do que \u00e0 espiritualidade capaz de gerar mudan\u00e7as a partir dos valores do Evangelho. Todo esse fen\u00f4meno religioso-cultural, no Brasil, \u00e9 emoldurado e alimentado pela condi\u00e7\u00e3o viciada da pol\u00edtica, suas institui\u00e7\u00f5es enfraquecidas, suas lideran\u00e7as incapazes de sinalizar e encontrar novos rumos. Nesse descompasso se inscreve a pouca maturidade pol\u00edtico-civilizat\u00f3ria da sociedade brasileira que, facilmente, trata l\u00edderes pol\u00edticos como se fossem \u00eddolos do mundo do esporte.<\/p>\n<p>O convite aos quatro sonhos do Papa Francisco \u00e9 um rem\u00e9dio &#8211; jamais uma aliena\u00e7\u00e3o e menos ainda uma iconoclastia, na contram\u00e3o de princ\u00edpios irrenunci\u00e1veis da rica tradi\u00e7\u00e3o da Igreja Cat\u00f3lica que tem marcado mundo afora, de modo positivo, h\u00e1 mais de dois mil anos, diferentes culturas, a partir de um di\u00e1logo que merece rever\u00eancias e reconhecimentos. S\u00e3o incontest\u00e1veis a for\u00e7a e a riqueza da tradi\u00e7\u00e3o crist\u00e3-cat\u00f3lica na confec\u00e7\u00e3o do tecido cultural brasileiro. Tecido que sofre, na contemporaneidade, com a perda de suas ra\u00edzes e, consequentemente, corre o risco de um colapso, provocado por efervesc\u00eancias religiosas que parecem portar a bandeira do cristianismo, mas se misturam com projeto de poder pol\u00edtico. Uma realidade que requer posicionamentos assertivos, incidentes. E o convite a sonhar, feito pelo Papa Francisco, na sua Exorta\u00e7\u00e3o depois do S\u00ednodo da Amaz\u00f4nia, \u201cQuerida Amaz\u00f4nia\u201d, \u00e9 indica\u00e7\u00e3o s\u00e1bia e luminosa desse caminho que precisa ser percorrido. Sem trilh\u00e1-lo, poder\u00e1 se chegar a uma situa\u00e7\u00e3o irrevers\u00edvel de preju\u00edzos, manipula\u00e7\u00f5es e tortuosidade religiosa.<\/p>\n<p>As resist\u00eancias que atingem as inst\u00e2ncias da Igreja, particular e injustamente ao Papa Francisco, \u00e9 \u201cfogo amigo\u201d, uma condi\u00e7\u00e3o kamikaze dos que se dedicam aos ataques, por n\u00e3o perceberem que caminham na dire\u00e7\u00e3o da derrota. Com os balizamentos preciosos dos quatro sonhos do Papa Francisco, a sociedade brasileira precisa de uma contrarrea\u00e7\u00e3o prof\u00e9tica, qualificada e com for\u00e7a para reverter suas muitas situa\u00e7\u00f5es preocupantes. O momento exige o cultivo do sentido de perten\u00e7a para que, internamente, se corrija o que precisa ser reparado, livrando-se de estreitamentos pr\u00f3prios dos que se dedicam a agir como inimigos. Assim a sociedade brasileira pode ser salva das garras de um cristianismo tomado como pr\u00e1tica religiosa obscurantista, atentado contra o patrim\u00f4nio cultural, alinhado a interesses que buscam se disfar\u00e7ar com a linguagem de milagre e de aceita\u00e7\u00e3o da pessoa de Jesus Cristo. A dist\u00e2ncia dos mais pobres, a falta de garra na luta pela transforma\u00e7\u00e3o social e pol\u00edtica, a car\u00eancia de autenticidade no exerc\u00edcio de desempenhos comprovam que esses interesses se apropriam da f\u00e9 apenas para se camuflar.<\/p>\n<p>N\u00e3o \u00e9, absolutamente, hora de praticar resist\u00eancias demolidoras internas figadais, injustas e comprovadamente por interpreta\u00e7\u00f5es de fatos e atos a partir de crit\u00e9rios distanciados do Evangelho. Da Igreja Cat\u00f3lica, requer-se uma contrarrea\u00e7\u00e3o crist\u00e3, n\u00e3o por se impressionar com porcentagens estat\u00edsticas, mas em raz\u00e3o da fidelidade \u00e0 viv\u00eancia aut\u00eantica do Evangelho de Jesus Cristo, para promover a vida &#8211; dom frequentemente negociado por quem desconsidera o seu real valor &#8211; e pela consciente tarefa de n\u00e3o deixar a na\u00e7\u00e3o sucumbir-se na mistura entre religiosidade e pol\u00edtica, interesses de poder em contraposi\u00e7\u00e3o ao bem comum.<\/p>\n<p>A sociedade brasileira est\u00e1 enterrada numa intrincada complexidade, agravada pelas colis\u00f5es, pelo esvaziamento de uma diplomacia assentada em valores human\u00edsticos. Isso atrasa e inviabiliza o encontro de respostas para os problemas atuais. Assiste-se a uma amea\u00e7adora ades\u00e3o aos interesses que colidem com o sonho social do Papa Francisco, o que retarda mais o surgimento de uma economia capaz de combater exclus\u00f5es sociais perversas, eliminar din\u00e2micas consumistas e imediatistas que esfacelam as ra\u00edzes culturais. Vencer resist\u00eancias \u00e0 aprendizagem das li\u00e7\u00f5es da Ecologia Integral \u00e9 o \u00fanico caminho para se conquistar a justi\u00e7a.<\/p>\n<p>O sonho eclesial do Papa Francisco n\u00e3o pode se tornar raz\u00e3o de resist\u00eancias, pouco inteligentes. Urgente \u00e9 encontrar caminhos novos, a partir das indica\u00e7\u00f5es do Papa e do comprometido empenho de todos os crist\u00e3os cat\u00f3licos, com a for\u00e7a da Palavra de Deus, com a rica tradi\u00e7\u00e3o da Igreja e suas pr\u00e1ticas milenares, convincentes, dedicadas \u00e0 caridade, incluindo o investimento na sua rede de comunidades. De maneira prof\u00e9tica, \u00e9 poss\u00edvel contribuir para livrar a sociedade brasileira de maiores e delet\u00e9rios fracassos pol\u00edticos, para conduzir o Pa\u00eds rumo \u00e0 novidade que todos almejam, com a luminosidade do que \u00e9 antigo, mas, ao mesmo tempo, sempre novo: a f\u00e9 crist\u00e3 cat\u00f3lica. Em lugar das resist\u00eancias, desdobradas em ataques, todos devem sonhar, rem\u00e9dio para curar, transformar e edificar uma sociedade justa e solid\u00e1ria &#8211; buscar um genu\u00edno compromisso com o an\u00fancio do Reino de Deus.<\/p>\n<p>Dom Walmor Oliveira de Azevedo<\/p>\n<p>Arcebispo metropolitano de Belo Horizonte (MG)<\/p>\n<p>Presidente da Confer\u00eancia Nacional dos Bispos do Brasil (CNBB)<\/p>\n","protected":false},"excerpt":{"rendered":"<p>O Papa Francisco, ao compartilhar seus quatro sonhos \u2013 social, cultural, ecol\u00f3gico e eclesial -, convida todos &#8211; Igreja e sociedade &#8211; a sonharem juntos, embora haja quem permane\u00e7a entrincheirado nas resist\u00eancias. Alguns fazem parte da Igreja, sem se dar conta da viragem civilizat\u00f3ria que est\u00e1 ocorrendo em todo o mundo. Dentro dessas transforma\u00e7\u00f5es em&nbsp;<\/p>\n<p><a class=\"btn btn-style\" href=\"http:\/\/portalcatolico.net\/portal\/sonhos-e-resistencias\/\">Continue Reading<\/a><\/p>\n","protected":false},"author":2,"featured_media":68492,"comment_status":"open","ping_status":"open","sticky":false,"template":"","format":"standard","meta":{"footnotes":""},"categories":[69],"tags":[],"class_list":["post-68502","post","type-post","status-publish","format-standard","has-post-thumbnail","hentry","category-artigos"],"_links":{"self":[{"href":"http:\/\/portalcatolico.net\/portal\/wp-json\/wp\/v2\/posts\/68502","targetHints":{"allow":["GET"]}}],"collection":[{"href":"http:\/\/portalcatolico.net\/portal\/wp-json\/wp\/v2\/posts"}],"about":[{"href":"http:\/\/portalcatolico.net\/portal\/wp-json\/wp\/v2\/types\/post"}],"author":[{"embeddable":true,"href":"http:\/\/portalcatolico.net\/portal\/wp-json\/wp\/v2\/users\/2"}],"replies":[{"embeddable":true,"href":"http:\/\/portalcatolico.net\/portal\/wp-json\/wp\/v2\/comments?post=68502"}],"version-history":[{"count":2,"href":"http:\/\/portalcatolico.net\/portal\/wp-json\/wp\/v2\/posts\/68502\/revisions"}],"predecessor-version":[{"id":68504,"href":"http:\/\/portalcatolico.net\/portal\/wp-json\/wp\/v2\/posts\/68502\/revisions\/68504"}],"wp:featuredmedia":[{"embeddable":true,"href":"http:\/\/portalcatolico.net\/portal\/wp-json\/wp\/v2\/media\/68492"}],"wp:attachment":[{"href":"http:\/\/portalcatolico.net\/portal\/wp-json\/wp\/v2\/media?parent=68502"}],"wp:term":[{"taxonomy":"category","embeddable":true,"href":"http:\/\/portalcatolico.net\/portal\/wp-json\/wp\/v2\/categories?post=68502"},{"taxonomy":"post_tag","embeddable":true,"href":"http:\/\/portalcatolico.net\/portal\/wp-json\/wp\/v2\/tags?post=68502"}],"curies":[{"name":"wp","href":"https:\/\/api.w.org\/{rel}","templated":true}]}}