{"id":68151,"date":"2020-01-23T13:28:23","date_gmt":"2020-01-23T16:28:23","guid":{"rendered":"http:\/\/portalcatolico.net\/portal\/?p=68151"},"modified":"2020-01-23T13:28:23","modified_gmt":"2020-01-23T16:28:23","slug":"convite-missa-de-setimo-dia-do-padre-celso","status":"publish","type":"post","link":"http:\/\/portalcatolico.net\/portal\/convite-missa-de-setimo-dia-do-padre-celso\/","title":{"rendered":"Convite: Missa de S\u00e9timo dia do Padre Celso"},"content":{"rendered":"<p>A Diocese de Ilh\u00e9us, no litoral sul da Bahia, convida paroquianos e amigos&nbsp;&nbsp;para a missa de 7\u00ba dia do Pe. Ant\u00f4nio Celso Ramos da Silva (Padre Celso) que ser\u00e1 realizada nesta sexta-feira, 24 de janeiro ,na&nbsp;par\u00f3quia Santa Rita de C\u00e1ssia, localizada no bairro Alto da Conquista, na cidade&nbsp;de Ilh\u00e9us (BA). A par\u00f3quia&nbsp;Santa Rita de C\u00e1ssia foi a \u00faltima par\u00f3quia que Pe. Celso atuou como p\u00e1roco.<\/p>\n<p>A santa missa ter\u00e1 in\u00edcio \u00e0s 19h,&nbsp;com a presid\u00eancia do bispo da diocese de Ilh\u00e9us, dom Mauro&nbsp;Montagnoli.<\/p>\n","protected":false},"excerpt":{"rendered":"<p>A Diocese de Ilh\u00e9us, no litoral sul da Bahia, convida paroquianos e amigos&nbsp;&nbsp;para a missa de 7\u00ba dia do Pe. Ant\u00f4nio Celso Ramos da Silva (Padre Celso) que ser\u00e1 realizada nesta sexta-feira, 24 de janeiro ,na&nbsp;par\u00f3quia Santa Rita de C\u00e1ssia, localizada no bairro Alto da Conquista, na cidade&nbsp;de Ilh\u00e9us (BA). A par\u00f3quia&nbsp;Santa Rita de C\u00e1ssia&nbsp;<\/p>\n<p><a class=\"btn btn-style\" href=\"http:\/\/portalcatolico.net\/portal\/convite-missa-de-setimo-dia-do-padre-celso\/\">Continue Reading<\/a><\/p>\n","protected":false},"author":2,"featured_media":68152,"comment_status":"open","ping_status":"open","sticky":false,"template":"","format":"standard","meta":{"footnotes":""},"categories":[4],"tags":[],"class_list":["post-68151","post","type-post","status-publish","format-standard","has-post-thumbnail","hentry","category-destaques"],"_links":{"self":[{"href":"http:\/\/portalcatolico.net\/portal\/wp-json\/wp\/v2\/posts\/68151","targetHints":{"allow":["GET"]}}],"collection":[{"href":"http:\/\/portalcatolico.net\/portal\/wp-json\/wp\/v2\/posts"}],"about":[{"href":"http:\/\/portalcatolico.net\/portal\/wp-json\/wp\/v2\/types\/post"}],"author":[{"embeddable":true,"href":"http:\/\/portalcatolico.net\/portal\/wp-json\/wp\/v2\/users\/2"}],"replies":[{"embeddable":true,"href":"http:\/\/portalcatolico.net\/portal\/wp-json\/wp\/v2\/comments?post=68151"}],"version-history":[{"count":1,"href":"http:\/\/portalcatolico.net\/portal\/wp-json\/wp\/v2\/posts\/68151\/revisions"}],"predecessor-version":[{"id":68153,"href":"http:\/\/portalcatolico.net\/portal\/wp-json\/wp\/v2\/posts\/68151\/revisions\/68153"}],"wp:featuredmedia":[{"embeddable":true,"href":"http:\/\/portalcatolico.net\/portal\/wp-json\/wp\/v2\/media\/68152"}],"wp:attachment":[{"href":"http:\/\/portalcatolico.net\/portal\/wp-json\/wp\/v2\/media?parent=68151"}],"wp:term":[{"taxonomy":"category","embeddable":true,"href":"http:\/\/portalcatolico.net\/portal\/wp-json\/wp\/v2\/categories?post=68151"},{"taxonomy":"post_tag","embeddable":true,"href":"http:\/\/portalcatolico.net\/portal\/wp-json\/wp\/v2\/tags?post=68151"}],"curies":[{"name":"wp","href":"https:\/\/api.w.org\/{rel}","templated":true}]}}