{"id":68148,"date":"2020-01-23T06:21:57","date_gmt":"2020-01-23T09:21:57","guid":{"rendered":"http:\/\/portalcatolico.net\/portal\/?p=68148"},"modified":"2020-01-23T06:21:57","modified_gmt":"2020-01-23T09:21:57","slug":"sobrevivente-das-chuvas-no-espirito-santo-encontra-imagem-de-fatima-intacta-coisa-do-ceu-mesmo","status":"publish","type":"post","link":"http:\/\/portalcatolico.net\/portal\/sobrevivente-das-chuvas-no-espirito-santo-encontra-imagem-de-fatima-intacta-coisa-do-ceu-mesmo\/","title":{"rendered":"Sobrevivente das chuvas no Esp\u00edrito Santo encontra imagem de F\u00e1tima intacta: \u201ccoisa do c\u00e9u mesmo\u201d"},"content":{"rendered":"<p><em>A imagem de N.S. de F\u00e1tima foi encontrada intacta no quarto do casal. A for\u00e7a das \u00e1guas devastou cidades do sul do Esp\u00edrito Santo, como Iconha, mas tem fortalecido a f\u00e9 da comunidade, volunt\u00e1rios e dos jornalistas que fazem a cobertura da triste trag\u00e9dia que vitimou 7 pessoas e deixou mais de 2 mil pessoas desabrigadas.<\/em><br \/>\n&nbsp;<\/p>\n<p>A mesma mangueira que est\u00e1 ajudando a tirar a lama de dentro da casa da fam\u00edlia Figueira Pinto, na cidade de Iconha, no Esp\u00edrito Santo, serviu para limpar a imagem de Nossa Senhora de F\u00e1tima. A santa ficou intacta no quarto do casal, mesmo com a enxurrada da \u00faltima sexta-feira (17) que deixou mais de 2 mil pessoas desabrigadas e matou 7 pessoas.<\/p>\n<p>Dona Eliane Maria Figueira Pinto \u00e9 aposentada e mora na casa com o marido e a m\u00e3e de 90 anos, que n\u00e3o estava no local no momento da enchente. A aposentada tem tr\u00eas filhos: uma mora nos Estados Unidos, a outra tamb\u00e9m teve a casa devastada pela \u00e1gua e o filho Rafael, que hoje est\u00e1 hospedando os pais, pois vive numa regi\u00e3o mais alta da cidade que n\u00e3o foi atingida. Eliane perdeu tudo, at\u00e9 o carro. Roupas e utens\u00edlios que foram salvos, est\u00e3o cheios de lama. Aos poucos eles v\u00e3o recebendo ajuda de volunt\u00e1rios e da comunidade, inclusive para a compra de rem\u00e9dios.<\/p>\n<p><strong>O encontro com a imagem da santa<\/strong><\/p>\n<p>Ao poder retornar para casa, depois da enchente que atingiu em cheio quatro cidades do sul do Esp\u00edrito Santo, Eliane conta que a primeira parte da casa que foi conferir atrav\u00e9s da janela, foi o quarto, onde justamente estava a imagem de Nossa Senhora de F\u00e1tima. A \u00e1gua dentro de casa chegou a subir um metro e meio.<\/p>\n<p>\u201cJunto com aquela que estava aqui comigo, quase choramos, de t\u00e3o emocionadas que ficamos. Meu Deus! At\u00e9 os anjinhos ficaram aos p\u00e9s de Nossa Senhora. Eu vi que a cama estava de pernas pra cima, os m\u00f3veis e guarda-roupa, tudo revirado,&#8230; E aquele m\u00f3vel \u00e9 fr\u00e1gil, eu tenho h\u00e1 muito tempo. At\u00e9 os ter\u00e7os n\u00e3o sa\u00edram!\u201d, comenta ela.<\/p>\n<p>A descoberta dessa hist\u00f3ria de f\u00e9 foi registrada e divulgada nas redes sociais por Filipe Chicarino, rep\u00f3rter da TV Tribuna, afiliada do SBT. O jornalista e mestre em Sociologia Pol\u00edtica, ao descrever a cena vivida na segunda-feira (20), disse que chorou muito e sentiu \u201calgo divino\u201d, j\u00e1 que n\u00e3o se considera cat\u00f3lico. A cobertura da triste trag\u00e9dia naquela regi\u00e3o j\u00e1 dura quase uma semana: \u201ceu estou numa situa\u00e7\u00e3o aqui, n\u00e3o tem outra coisa a se pensar a n\u00e3o ser em ajuda. Vamos fazer com que essa mensagem chegue para o m\u00e1ximo de pessoas poss\u00edvel\u201d, afirma o rep\u00f3rter.<\/p>\n<p><strong>Fortalecendo a f\u00e9 em meio ao desespero<\/strong><\/p>\n<p>Eliane tamb\u00e9m acredita nessa mensagem de esperan\u00e7a. Emocionada disse que s\u00f3 pode ser \u201ccoisa do c\u00e9u para fortalecer a nossa f\u00e9 em meio ao desespero\u201d. A aposentada conta que a fam\u00edlia cat\u00f3lica faz ora\u00e7\u00f5es di\u00e1rias diante do pequeno altar onde est\u00e1 a santa: \u201ctoda a noite eu e meu marido, a gente reza o ter\u00e7o. \u00c0s 18h, eu, minha m\u00e3e e ele, n\u00f3s rezamos o ter\u00e7o. Ent\u00e3o, eu aprendi que a ora\u00e7\u00e3o vai acumulando os nossos pedidos para serem acolhidos l\u00e1\u201d.<\/p>\n<p>A imagem de N.S. de F\u00e1tima, que mede um metro e tem pelo menos 100 anos, \u00e9 um presente que ela combinou de ganhar da sua v\u00f3: \u201cquando ela faleceu, meus tios j\u00e1 sabiam da hist\u00f3ria e a\u00ed depois disseram pra eu ir buscar a santa, que era minha. E eu fui. L\u00e1 em Anchieta, estava em cima do terra\u00e7o da casa\u201d.<\/p>\n<p>Nesta semana, o rep\u00f3rter Filipe deve continuar a fazer a cobertura da trag\u00e9dia no sul do Esp\u00edrito Santo, mas j\u00e1 est\u00e1 com voo marcado para Portugal. Tamb\u00e9m para visitar o Santu\u00e1rio de F\u00e1tima: &#8220;s\u00e1bado agora estou indo para Portugal para apresentar um trabalho na Universidade de Coimbra e, na ter\u00e7a, vou a F\u00e1tima. Olha que coisa de louco! J\u00e1 estava programado desde o final do ano!\u201d. E Eliane finaliza: \u201ce a Nossa Senhora de F\u00e1tima que estava num m\u00f3vel t\u00e3o fragilzinho, ficou intacta. E a N.S. Aparecida que estava ao lado, que tinha uns 15 cent\u00edmetros&#8230;&#8221;.<\/p>\n<p>\u201cNa hora que bateu a \u00e1gua, era pra elas terem tombado. Pra mim, isso \u00e9 sinal de Deus, que estavam com a gente. Tudo que aconteceu a gente sabe que n\u00e3o \u00e9 coisa de Deus, \u00e9 coisa do homem. Mas ele quis nos dizer que est\u00e1 nos protegendo nesses momentos dif\u00edceis. Nossa Senhora nos ajudando! \u00c9 coisa do c\u00e9u mesmo!\u201d<br \/>\n&nbsp;<\/p>\n<p>Fonte: Vatican News (colabora\u00e7\u00e3o de Filipe Chicarino)<br \/>\nFoto: Reprodu\u00e7\u00e3o | Vatican News<\/p>\n","protected":false},"excerpt":{"rendered":"<p>A imagem de N.S. de F\u00e1tima foi encontrada intacta no quarto do casal. A for\u00e7a das \u00e1guas devastou cidades do sul do Esp\u00edrito Santo, como Iconha, mas tem fortalecido a f\u00e9 da comunidade, volunt\u00e1rios e dos jornalistas que fazem a cobertura da triste trag\u00e9dia que vitimou 7 pessoas e deixou mais de 2 mil pessoas&nbsp;<\/p>\n<p><a class=\"btn btn-style\" href=\"http:\/\/portalcatolico.net\/portal\/sobrevivente-das-chuvas-no-espirito-santo-encontra-imagem-de-fatima-intacta-coisa-do-ceu-mesmo\/\">Continue Reading<\/a><\/p>\n","protected":false},"author":2,"featured_media":68149,"comment_status":"open","ping_status":"open","sticky":false,"template":"","format":"standard","meta":{"footnotes":""},"categories":[4],"tags":[],"class_list":["post-68148","post","type-post","status-publish","format-standard","has-post-thumbnail","hentry","category-destaques"],"_links":{"self":[{"href":"http:\/\/portalcatolico.net\/portal\/wp-json\/wp\/v2\/posts\/68148","targetHints":{"allow":["GET"]}}],"collection":[{"href":"http:\/\/portalcatolico.net\/portal\/wp-json\/wp\/v2\/posts"}],"about":[{"href":"http:\/\/portalcatolico.net\/portal\/wp-json\/wp\/v2\/types\/post"}],"author":[{"embeddable":true,"href":"http:\/\/portalcatolico.net\/portal\/wp-json\/wp\/v2\/users\/2"}],"replies":[{"embeddable":true,"href":"http:\/\/portalcatolico.net\/portal\/wp-json\/wp\/v2\/comments?post=68148"}],"version-history":[{"count":1,"href":"http:\/\/portalcatolico.net\/portal\/wp-json\/wp\/v2\/posts\/68148\/revisions"}],"predecessor-version":[{"id":68150,"href":"http:\/\/portalcatolico.net\/portal\/wp-json\/wp\/v2\/posts\/68148\/revisions\/68150"}],"wp:featuredmedia":[{"embeddable":true,"href":"http:\/\/portalcatolico.net\/portal\/wp-json\/wp\/v2\/media\/68149"}],"wp:attachment":[{"href":"http:\/\/portalcatolico.net\/portal\/wp-json\/wp\/v2\/media?parent=68148"}],"wp:term":[{"taxonomy":"category","embeddable":true,"href":"http:\/\/portalcatolico.net\/portal\/wp-json\/wp\/v2\/categories?post=68148"},{"taxonomy":"post_tag","embeddable":true,"href":"http:\/\/portalcatolico.net\/portal\/wp-json\/wp\/v2\/tags?post=68148"}],"curies":[{"name":"wp","href":"https:\/\/api.w.org\/{rel}","templated":true}]}}