{"id":68037,"date":"2020-01-12T19:55:38","date_gmt":"2020-01-12T22:55:38","guid":{"rendered":"http:\/\/portalcatolico.net\/portal\/?p=68037"},"modified":"2020-01-13T06:18:50","modified_gmt":"2020-01-13T09:18:50","slug":"trem-de-pouso","status":"publish","type":"post","link":"http:\/\/portalcatolico.net\/portal\/trem-de-pouso\/","title":{"rendered":"Trem de pouso"},"content":{"rendered":"<div class=\"article__subTitle\">Em Paris \u00e9 quase madrugada e os operadores do aeroporto Charles de Gaulle encontram no trem de pouso do Boeing 777, que partiu de Abidjan, um corpinho endurecido pelo gelo. Ele \u00e9 uma crian\u00e7a negra, cerca de dez anos de idade.<\/div>\n<div>&nbsp;<\/div>\n<div class=\"title__separator\">O ano apenas come\u00e7ou, e a vida continua. Enquanto nos preocupamos em sonhar novas conquistas para os pr\u00f3ximos 366 dias ( este ano \u00e9 bissexto) e nos identificarmos com os votos de um ano de paz e prosperidade para todos; enquanto seguimos as tens\u00f5es no Oriente M\u00e9dio, \u00c1frica, e na nossa Am\u00e9rica Latina, muitos dramas se consomem na total escurid\u00e3o dos holofotes midi\u00e1ticos. Um desses foi o sonho de uma crian\u00e7a da Costa do Marfim que se transformou numa trag\u00e9dia.<\/div>\n<div>\n<p>Ele morreu congelado na barriga de um avi\u00e3o onde se escondeu para chegar \u00e0 Europa, mais precisamente \u00e0 Fran\u00e7a. A ideia certamente do menino era: a Europa est\u00e1 longe, mas um avi\u00e3o pode encurtar a dist\u00e2ncia e me levar para al\u00e9m da mis\u00e9ria, das favelas, do deserto e do Mar Mediterr\u00e2neo. Provavelmente pensamentos que enchiam a mente do menino de somente dez anos, que chegou ao Aeroporto Internacional de Abidjan para procurar &#8220;uma ponte&#8221; para a Europa.<\/p>\n<p>Um avi\u00e3o fornece o sonho de poder conquistar a seguran\u00e7a que parece n\u00e3o ter em casa. Talvez, segundo as primeiras reconstru\u00e7\u00f5es, com a cumplicidade de algu\u00e9m que lhe permitiu passar pelos controles do aeroporto.<\/p>\n<p><strong>O som dos motores<\/strong><\/p>\n<p>Vestido com roupas leves, ele se aproximou de um Boeing 777 da Air France, partindo para Paris. Ele aconchega-se no trem de pouso da aeronave. \u00c9 um espa\u00e7o apertado, n\u00e3o aquecido e nem pressurizado. Depois, o som dos motores e o avi\u00e3o decola.<\/p>\n<p>O Boeing sobe ent\u00e3o para uma altitude de 10.000 metros e a temperatura cai para -50\u00b0C. Acima de 42 graus abaixo de zero, o corpo j\u00e1 n\u00e3o consegue regular a sua temperatura. O oxig\u00eanio \u00e9 rapidamente consumido e nestas condi\u00e7\u00f5es extremas a febre, o suor, as convuls\u00f5es e os desmaios s\u00e3o processos inevit\u00e1veis e inexor\u00e1veis. Os \u00faltimos pensamentos da crian\u00e7a marfinense est\u00e3o envoltos pelo frio, solid\u00e3o e escurid\u00e3o. Depois o seu corpo, agora sem vida, chega a Fran\u00e7a.<\/p>\n<p>Em Paris \u00e9 quase madrugada e os operadores do aeroporto Charles de Gaulle encontram no trem de pouso do Boeing 777, que partiu de Abidjan, um corpinho endurecido pelo gelo. Ele \u00e9 uma crian\u00e7a negra, cerca de dez anos de idade. Um &#8220;passageiro irregular&#8221;, diz numa declara\u00e7\u00e3o a companhia a\u00e9rea. O rosto n\u00e3o tem nome.<\/p>\n<p><strong>Esperan\u00e7as tra\u00eddas<\/strong><\/p>\n<p>As suas esperan\u00e7as tra\u00eddas s\u00e3o, em vez disso, comuns \u00e0s de muitos jovens africanos que procuram um futuro diferente daquele que seus pa\u00edses podem oferecer.<\/p>\n<p>O drama deste menino marfinense \u00e9 um drama terr\u00edvel da emigra\u00e7\u00e3o que n\u00e3o pode deixar ningu\u00e9m indiferente. Um drama que traz \u00e0 mem\u00f3ria o caso de&nbsp; outros dois jovens guineenses que foram encontrados no trem de pouso de um avi\u00e3o que tinha chegado a Bruxelas. Tamb\u00e9m se falou muito deles porque foi encontrada uma carta pedindo \u00e0 Europa para ter um futuro diferente, para poder estudar, trabalhar e ter uma vida normal como a vida que os jovens europeus tem. O drama de uma \u00c1frica esquecida nos seus dramas. Para muitos este continente \u00e9 considerado apenas um problema. Em vez disso, \u00e9 um grande recurso de jovens que olham para a Europa.<\/p>\n<p>O nosso menino de 10 anos e os muitos jovens que perderam a sua vida em busca da realiza\u00e7\u00e3o de um sonho, queriam somente uma oportunidade de vida, um futuro que n\u00e3o encontraram em suas realidades. Talvez \u2013 com disse a Comunidade romana de Santo Eg\u00eddio &#8211; j\u00e1 tenha passado o momento de todos n\u00f3s fazermos um exame de consci\u00eancia e compreender por que, numa condi\u00e7\u00e3o &#8211; como a da It\u00e1lia e de muitos outros pa\u00edses europeus onde h\u00e1 necessidade de for\u00e7a juvenil, dado o envelhecimento da popula\u00e7\u00e3o &#8211; as portas n\u00e3o s\u00e3o reabertas \u00e0 imigra\u00e7\u00e3o legal para trazer pessoas que tamb\u00e9m querem contribuir para o desenvolvimento e o crescimento na Europa.<\/p>\n<p><strong>Ajud\u00e1-los em casa<\/strong><\/p>\n<p>Sant&#8217;Egidio lan\u00e7ou um apelo aos governos africanos, porque muitas vezes tamb\u00e9m eles fecham os olhos \u00e0quilo que \u00e9 uma trag\u00e9dia para eles: a sa\u00edda de pessoas dos seus pa\u00edses, um fen\u00f4meno que n\u00e3o \u00e9 considerado como um problema mas, muitas vezes, como uma liberta\u00e7\u00e3o.<\/p>\n<p>O drama do nosso menino de 10 anos, que n\u00e3o tem nem mesmo que chore por ele, deve se traduzir em pensamentos concretos e clarividentes para o grande continente africano, t\u00e3o explorado. \u201cAjud\u00e1-los em casa\u201d n\u00e3o deve ser um slogan para parar o que se pensa ser uma invas\u00e3o, inexistente, mas deve servir para abrir um di\u00e1logo, para ajudar os necessitados de uma forma concreta e urgente. Ajud\u00e1-los a sonhar dentro e fora de casa, e que um avi\u00e3o seja uma meio para fazer sonhar uma terra nova, e n\u00e3o o ambiente de uma morte na escurid\u00e3o e no frio de um trem de pouso.<\/p>\n<p>Silvonei Jos\u00e9\/Vatican News<\/p>\n<\/div>\n<div class=\"article__text\">\n<p>&nbsp;<\/p>\n<\/div>\n","protected":false},"excerpt":{"rendered":"<p>Em Paris \u00e9 quase madrugada e os operadores do aeroporto Charles de Gaulle encontram no trem de pouso do Boeing 777, que partiu de Abidjan, um corpinho endurecido pelo gelo. Ele \u00e9 uma crian\u00e7a negra, cerca de dez anos de idade. &nbsp; O ano apenas come\u00e7ou, e a vida continua. Enquanto nos preocupamos em sonhar&nbsp;<\/p>\n<p><a class=\"btn btn-style\" href=\"http:\/\/portalcatolico.net\/portal\/trem-de-pouso\/\">Continue Reading<\/a><\/p>\n","protected":false},"author":2,"featured_media":68038,"comment_status":"open","ping_status":"open","sticky":false,"template":"","format":"standard","meta":{"footnotes":""},"categories":[69],"tags":[],"class_list":["post-68037","post","type-post","status-publish","format-standard","has-post-thumbnail","hentry","category-artigos"],"_links":{"self":[{"href":"http:\/\/portalcatolico.net\/portal\/wp-json\/wp\/v2\/posts\/68037","targetHints":{"allow":["GET"]}}],"collection":[{"href":"http:\/\/portalcatolico.net\/portal\/wp-json\/wp\/v2\/posts"}],"about":[{"href":"http:\/\/portalcatolico.net\/portal\/wp-json\/wp\/v2\/types\/post"}],"author":[{"embeddable":true,"href":"http:\/\/portalcatolico.net\/portal\/wp-json\/wp\/v2\/users\/2"}],"replies":[{"embeddable":true,"href":"http:\/\/portalcatolico.net\/portal\/wp-json\/wp\/v2\/comments?post=68037"}],"version-history":[{"count":1,"href":"http:\/\/portalcatolico.net\/portal\/wp-json\/wp\/v2\/posts\/68037\/revisions"}],"predecessor-version":[{"id":68039,"href":"http:\/\/portalcatolico.net\/portal\/wp-json\/wp\/v2\/posts\/68037\/revisions\/68039"}],"wp:featuredmedia":[{"embeddable":true,"href":"http:\/\/portalcatolico.net\/portal\/wp-json\/wp\/v2\/media\/68038"}],"wp:attachment":[{"href":"http:\/\/portalcatolico.net\/portal\/wp-json\/wp\/v2\/media?parent=68037"}],"wp:term":[{"taxonomy":"category","embeddable":true,"href":"http:\/\/portalcatolico.net\/portal\/wp-json\/wp\/v2\/categories?post=68037"},{"taxonomy":"post_tag","embeddable":true,"href":"http:\/\/portalcatolico.net\/portal\/wp-json\/wp\/v2\/tags?post=68037"}],"curies":[{"name":"wp","href":"https:\/\/api.w.org\/{rel}","templated":true}]}}