{"id":68029,"date":"2020-01-12T03:14:41","date_gmt":"2020-01-12T06:14:41","guid":{"rendered":"http:\/\/portalcatolico.net\/portal\/?p=68029"},"modified":"2020-01-11T21:19:10","modified_gmt":"2020-01-12T00:19:10","slug":"campanha-da-fraternidade-2020-cnbb-disponibiliza-video-para-as-comunidades","status":"publish","type":"post","link":"http:\/\/portalcatolico.net\/portal\/campanha-da-fraternidade-2020-cnbb-disponibiliza-video-para-as-comunidades\/","title":{"rendered":"CAMPANHA DA FRATERNIDADE 2020: CNBB DISPONIBILIZA V\u00cdDEO PARA AS COMUNIDADES"},"content":{"rendered":"<p>Foi divulgado o v\u00eddeo oficial da Campanha da Fraternidade 2020, cujo tema \u00e9 \u201cFraternidade e vida: dom e compromisso\u201d e o lema \u201cViu, sentiu compaix\u00e3o e cuidou dele\u201d (Lc 10, 33-34). A produ\u00e7\u00e3o apresenta experi\u00eancias de cuidado com a vida em suas v\u00e1rias dimens\u00f5es encontradas Brasil afora e poder\u00e1 ser utilizado para auxiliar as reflex\u00f5es sobre a tem\u00e1tica proposta pela Confer\u00eancia Nacional dos Bispos do Brasil (CNBB) para a Quaresma de 2020.<\/p>\n<p>Segundo a editora Edi\u00e7\u00f5es CNBB, que prepara os materiais da Campanha da Fraternidade, o v\u00eddeo oferece um panorama completo, com todo o referencial necess\u00e1rio \u201cpara viver, difundir e praticar os preceitos desta edi\u00e7\u00e3o da CF\u201d. E, neste ano, n\u00e3o ser\u00e1 colocado um DVD \u00e0 venda, mas oferecido diretamente \u00e0s comunidades.<\/p>\n<p>\u201cAl\u00e9m de uma abordagem fundamentada para cada um dos pilares: \u2018Viu, Sentiu e Cuidou\u2019, o v\u00eddeo auxiliar\u00e1 nossas comunidades na divulga\u00e7\u00e3o e aprofundamento do tema e do lema da Campanha, bem como na assimila\u00e7\u00e3o da relev\u00e2ncia do assunto para a nossa sociedade\u201d, l\u00ea-se na descri\u00e7\u00e3o do v\u00eddeo no Youtube. Os pilares citados nesta explica\u00e7\u00e3o referem-se \u00e0 par\u00e1bola do Bom Samaritano, que inspira e ensina o compromisso de cuidar do dom da vida.<\/p>\n<p>O secret\u00e1rio executivo de Campanhas da CNBB, padre Patriky Samuel Batista, ressalta as diversas a\u00e7\u00f5es de cuidado em favor da vida promovidas pela Igreja em v\u00e1rias partes do Brasil e tamb\u00e9m \u201cas diversas situa\u00e7\u00f5es onde a vida tem sido descuidada e necessita de uma interven\u00e7\u00e3o evang\u00e9lica fruto de um cora\u00e7\u00e3o convertido pela Palavra de Deus\u201d.<\/p>\n<p>O v\u00eddeo intercala experi\u00eancias de cuidado com a vida com frases de Santa Dulce dos Pobres, segundo padre Patriky, \u201ca grande inspiradora, boa samaritana para os dias atuais\u201d, exemplo de que \u201cVida doada \u00e9 vida santificada\u201d.<\/p>\n<p>\u201cConhe\u00e7a o v\u00eddeo, divulgue na sua par\u00f3quia, nas suas comunidades a fim de estabelecermos uma grande corrente do bem, que Deus aben\u00e7oe e vos fa\u00e7a muito felizes!\u201d, desejou padre Patrky.<\/p>\n<p><iframe loading=\"lazy\"  id=\"_ytid_35193\"  width=\"480\" height=\"270\"  data-origwidth=\"480\" data-origheight=\"270\" src=\"https:\/\/www.youtube.com\/embed\/ALFdxGH5bx4?enablejsapi=1&#038;autoplay=0&#038;cc_load_policy=0&#038;cc_lang_pref=&#038;iv_load_policy=1&#038;loop=0&#038;rel=1&#038;fs=1&#038;playsinline=0&#038;autohide=2&#038;theme=dark&#038;color=red&#038;controls=1&#038;disablekb=0&#038;\" class=\"__youtube_prefs__  epyt-is-override  no-lazyload\" title=\"YouTube player\"  allow=\"fullscreen; accelerometer; autoplay; clipboard-write; encrypted-media; gyroscope; picture-in-picture; web-share\" referrerpolicy=\"strict-origin-when-cross-origin\" allowfullscreen data-no-lazy=\"1\" data-skipgform_ajax_framebjll=\"\"><\/iframe><\/p>\n<pre>Fonte: CNBB<\/pre>\n","protected":false},"excerpt":{"rendered":"<p>Foi divulgado o v\u00eddeo oficial da Campanha da Fraternidade 2020, cujo tema \u00e9 \u201cFraternidade e vida: dom e compromisso\u201d e o lema \u201cViu, sentiu compaix\u00e3o e cuidou dele\u201d (Lc 10, 33-34). A produ\u00e7\u00e3o apresenta experi\u00eancias de cuidado com a vida em suas v\u00e1rias dimens\u00f5es encontradas Brasil afora e poder\u00e1 ser utilizado para auxiliar as reflex\u00f5es&nbsp;<\/p>\n<p><a class=\"btn btn-style\" href=\"http:\/\/portalcatolico.net\/portal\/campanha-da-fraternidade-2020-cnbb-disponibiliza-video-para-as-comunidades\/\">Continue Reading<\/a><\/p>\n","protected":false},"author":2,"featured_media":68031,"comment_status":"open","ping_status":"open","sticky":false,"template":"","format":"standard","meta":{"footnotes":""},"categories":[4],"tags":[],"class_list":["post-68029","post","type-post","status-publish","format-standard","has-post-thumbnail","hentry","category-destaques"],"_links":{"self":[{"href":"http:\/\/portalcatolico.net\/portal\/wp-json\/wp\/v2\/posts\/68029","targetHints":{"allow":["GET"]}}],"collection":[{"href":"http:\/\/portalcatolico.net\/portal\/wp-json\/wp\/v2\/posts"}],"about":[{"href":"http:\/\/portalcatolico.net\/portal\/wp-json\/wp\/v2\/types\/post"}],"author":[{"embeddable":true,"href":"http:\/\/portalcatolico.net\/portal\/wp-json\/wp\/v2\/users\/2"}],"replies":[{"embeddable":true,"href":"http:\/\/portalcatolico.net\/portal\/wp-json\/wp\/v2\/comments?post=68029"}],"version-history":[{"count":1,"href":"http:\/\/portalcatolico.net\/portal\/wp-json\/wp\/v2\/posts\/68029\/revisions"}],"predecessor-version":[{"id":68030,"href":"http:\/\/portalcatolico.net\/portal\/wp-json\/wp\/v2\/posts\/68029\/revisions\/68030"}],"wp:featuredmedia":[{"embeddable":true,"href":"http:\/\/portalcatolico.net\/portal\/wp-json\/wp\/v2\/media\/68031"}],"wp:attachment":[{"href":"http:\/\/portalcatolico.net\/portal\/wp-json\/wp\/v2\/media?parent=68029"}],"wp:term":[{"taxonomy":"category","embeddable":true,"href":"http:\/\/portalcatolico.net\/portal\/wp-json\/wp\/v2\/categories?post=68029"},{"taxonomy":"post_tag","embeddable":true,"href":"http:\/\/portalcatolico.net\/portal\/wp-json\/wp\/v2\/tags?post=68029"}],"curies":[{"name":"wp","href":"https:\/\/api.w.org\/{rel}","templated":true}]}}