{"id":67968,"date":"2020-01-06T19:47:02","date_gmt":"2020-01-06T22:47:02","guid":{"rendered":"http:\/\/portalcatolico.net\/portal\/?p=67968"},"modified":"2020-01-06T19:47:02","modified_gmt":"2020-01-06T22:47:02","slug":"papa-adorar-e-um-gesto-de-amor-que-muda-a-vida","status":"publish","type":"post","link":"http:\/\/portalcatolico.net\/portal\/papa-adorar-e-um-gesto-de-amor-que-muda-a-vida\/","title":{"rendered":"Papa: adorar \u00e9 um gesto de amor que muda a vida"},"content":{"rendered":"<div class=\"article__subTitle\">\u201cQuando adoramos permitimos a Jesus que nos cure e transforme; adorando, damos ao Senhor a possibilidade de nos transformar com o seu amor, iluminar as nossas trevas, dar-nos for\u00e7a na fraqueza e coragem nas prova\u00e7\u00f5es\u201d. O Papa Francisco fala sobre a \u201cadora\u00e7\u00e3o\u201d na sua homilia do Dia de Reis na Missa celebrada na Bas\u00edlica de S\u00e3o Pedro nesta segunda-feira (06).<\/div>\n<div>&nbsp;<\/div>\n<div class=\"title__separator\">Na manh\u00e3 desta segunda-feira (06), na Solenidade da Epifania do Senhor, o Papa Francisco celebrou a missa na Bas\u00edlica de S\u00e3o Pedro. Durante a sua homilia, destacou a \u201cadora\u00e7\u00e3o\u201d recordando-a como a inten\u00e7\u00e3o dos Reis Magos ao seguirem a estrela no Oriente. Adorar era o objetivo do percurso dos Reis, a meta do seu caminho. Para sublinhar a import\u00e2ncia da adora\u00e7\u00e3o o Papa recordou: \u201cSe perdermos o sentido da adora\u00e7\u00e3o, falta-nos o sentido de marcha da vida crist\u00e3, que \u00e9 um caminho rumo ao Senhor, e n\u00e3o a n\u00f3s\u201d, e em seguida esclarece o risco falando de personagens \u201cincapazes de adorar\u201d. E cita Herodes, que usa o verbo \u2018adorar\u2019, mas de maneira falaciosa, porque pede aos Magos que o informem do local onde encontrarem o Menino, enquanto que na realidade ele queria livrar-se dele. E o Papa afirma:<\/div>\n<div>\n<p><strong>Adorar a Deus para n\u00e3o adorar-se a si mesmo<\/strong><\/p>\n<p>\u201cQue nos ensina isto? Que o homem, quando n\u00e3o adora a Deus, \u00e9 levado a adorar-se a si mesmo; e a pr\u00f3pria vida crist\u00e3, sem adorar o Senhor, pode tornar-se uma forma educada de se louvar a si mesmo e a sua habilidade. \u00c9 um risco s\u00e9rio: servir-se de Deus, em vez de servir a Deus\u201d<\/p>\n<p>Francisco explica a import\u00e2ncia da adora\u00e7\u00e3o a Deus e como se pode chegar a isso:<\/p>\n<div>\n<div class=\"article__embed article__embed--border embed_style\">\n<blockquote><p>\u201cQuando se adora, apercebemo-nos de que a f\u00e9 n\u00e3o se reduz a um belo conjunto de doutrinas, mas \u00e9 a rela\u00e7\u00e3o com uma Pessoa viva, que devemos amar. \u00c9 permanecendo face a face com Jesus que conhecemos o seu rosto\u201d<\/p><\/blockquote>\n<\/div>\n<\/div>\n<p>N\u00e3o basta ter boas ideias e conhecimentos te\u00f3ricos aprofundados, esclarece, \u201c\u00e9 preciso coloc\u00e1-Lo em primeiro lugar, como faz um namorado com a pessoa amada. Assim deve ser a Igreja: uma adoradora enamorada de Jesus, seu esposo\u201d.<\/p>\n<p><strong>Descobrir a adora\u00e7\u00e3o<\/strong><\/p>\n<p>E faz um apelo a todos: \u201cAo principiar este ano, descubramos de novo a adora\u00e7\u00e3o como exig\u00eancia da f\u00e9. Se soubermos ajoelhar diante de Jesus, venceremos a tenta\u00e7\u00e3o de olhar apenas aos nossos interesses. De fato, adorar \u00e9 fazer o \u00eaxodo da maior escravid\u00e3o: a escravid\u00e3o de si mesmo\u201d.<\/p>\n<div>\n<div class=\"article__embed article__embed--border embed_style\">\n<blockquote><p>\u201cQuando adoramos \u2013 recorda o Papa &#8211; permitimos a Jesus que nos cure e transforme; adorando, damos ao Senhor a possibilidade de nos transformar com o seu amor, iluminar as nossas trevas, dar-nos for\u00e7a na fraqueza e coragem nas prova\u00e7\u00f5es\u201d<\/p><\/blockquote>\n<\/div>\n<\/div>\n<p>E por fim recorda \u201cAdorar \u00e9 ir ao essencial: \u00e9 o caminho para se desintoxicar de tantas coisas in\u00fateis, de depend\u00eancias que anestesiam o cora\u00e7\u00e3o e estonteiam a mente\u201d.<\/p>\n<p>E seguida o Papa Francisco pondera:<\/p>\n<div>\n<div class=\"article__embed article__embed--border embed_style\">\n<blockquote><p>\u201cAdorar \u00e9 um gesto de amor que muda a vida. \u00c9 fazer como os Magos: levar ao Senhor o ouro, para Lhe dizer que nada \u00e9 mais precioso do que Ele; oferecer-Lhe o incenso, para Lhe dizer que s\u00f3 com Ele se eleva para o alto a nossa vida; apresentar-Lhe a mirra como promessa a Jesus de que socorreremos o pr\u00f3ximo marginalizado e sofredor, porque nele est\u00e1 o Senhor\u201d<\/p><\/blockquote>\n<\/div>\n<\/div>\n<p>Conclui sua homilia propondo uma reflex\u00e3o: \u201cSou um crist\u00e3o adorador? A pergunta imp\u00f5e-se-nos, pois muitos crist\u00e3os que rezam, n\u00e3o sabem adorar. Encontremos momentos para a adora\u00e7\u00e3o ao longo do nosso dia e criemos espa\u00e7o para a adora\u00e7\u00e3o nas nossas comunidades\u201d.<\/p>\n<p>Por Jane Nogara\/Vatican News<\/p>\n<\/div>\n<div class=\"article__text\">\n<p>&nbsp;<\/p>\n<\/div>\n","protected":false},"excerpt":{"rendered":"<p>\u201cQuando adoramos permitimos a Jesus que nos cure e transforme; adorando, damos ao Senhor a possibilidade de nos transformar com o seu amor, iluminar as nossas trevas, dar-nos for\u00e7a na fraqueza e coragem nas prova\u00e7\u00f5es\u201d. O Papa Francisco fala sobre a \u201cadora\u00e7\u00e3o\u201d na sua homilia do Dia de Reis na Missa celebrada na Bas\u00edlica de&nbsp;<\/p>\n<p><a class=\"btn btn-style\" href=\"http:\/\/portalcatolico.net\/portal\/papa-adorar-e-um-gesto-de-amor-que-muda-a-vida\/\">Continue Reading<\/a><\/p>\n","protected":false},"author":2,"featured_media":67969,"comment_status":"open","ping_status":"open","sticky":false,"template":"","format":"standard","meta":{"footnotes":""},"categories":[5],"tags":[],"class_list":["post-67968","post","type-post","status-publish","format-standard","has-post-thumbnail","hentry","category-igreja_no_mundo"],"_links":{"self":[{"href":"http:\/\/portalcatolico.net\/portal\/wp-json\/wp\/v2\/posts\/67968","targetHints":{"allow":["GET"]}}],"collection":[{"href":"http:\/\/portalcatolico.net\/portal\/wp-json\/wp\/v2\/posts"}],"about":[{"href":"http:\/\/portalcatolico.net\/portal\/wp-json\/wp\/v2\/types\/post"}],"author":[{"embeddable":true,"href":"http:\/\/portalcatolico.net\/portal\/wp-json\/wp\/v2\/users\/2"}],"replies":[{"embeddable":true,"href":"http:\/\/portalcatolico.net\/portal\/wp-json\/wp\/v2\/comments?post=67968"}],"version-history":[{"count":1,"href":"http:\/\/portalcatolico.net\/portal\/wp-json\/wp\/v2\/posts\/67968\/revisions"}],"predecessor-version":[{"id":67970,"href":"http:\/\/portalcatolico.net\/portal\/wp-json\/wp\/v2\/posts\/67968\/revisions\/67970"}],"wp:featuredmedia":[{"embeddable":true,"href":"http:\/\/portalcatolico.net\/portal\/wp-json\/wp\/v2\/media\/67969"}],"wp:attachment":[{"href":"http:\/\/portalcatolico.net\/portal\/wp-json\/wp\/v2\/media?parent=67968"}],"wp:term":[{"taxonomy":"category","embeddable":true,"href":"http:\/\/portalcatolico.net\/portal\/wp-json\/wp\/v2\/categories?post=67968"},{"taxonomy":"post_tag","embeddable":true,"href":"http:\/\/portalcatolico.net\/portal\/wp-json\/wp\/v2\/tags?post=67968"}],"curies":[{"name":"wp","href":"https:\/\/api.w.org\/{rel}","templated":true}]}}