{"id":67956,"date":"2020-01-06T00:16:02","date_gmt":"2020-01-06T03:16:02","guid":{"rendered":"http:\/\/portalcatolico.net\/portal\/?p=67956"},"modified":"2020-01-05T21:18:37","modified_gmt":"2020-01-06T00:18:37","slug":"vem-ai-o-novenario-em-honra-ao-senhor-do-bonfim-em-itabuna-2","status":"publish","type":"post","link":"http:\/\/portalcatolico.net\/portal\/vem-ai-o-novenario-em-honra-ao-senhor-do-bonfim-em-itabuna-2\/","title":{"rendered":"Vem a\u00ed o Noven\u00e1rio em honra ao Senhor do Bonfim em Itabuna"},"content":{"rendered":"<p>O Padre Manoel Carlos, p\u00e1roco da par\u00f3quia Senhor do Bonfim na&nbsp;cidade e diocese de Itabuna, no sul da Bahia, a Pastoral da Liturgia&nbsp; e o Conselho Paroquial&nbsp; t\u00eam a&nbsp;&nbsp;alegria de convidar voc\u00ea e sua fam\u00edlia, e toda a&nbsp;comunidade cat\u00f3lica, para participarem do noven\u00e1rio em honra ao&nbsp; glorioso&nbsp;&nbsp;padroeiro do bairro Jardim Primavera, o Senhor do Bonfim. Ser\u00e3o 10 dias de aprofundamento, ora\u00e7\u00e3o, louvor, m\u00fasica e&nbsp;conviv\u00eancia por meio dos temas abordados em cada noite e tamb\u00e9m das&nbsp;quermesses ap\u00f3s as missas.<\/p>\n<p>O tema central da festa \u00e9: &#8220;Senhor o que&nbsp;queres de mim?&#8221; e o lema: &#8220;Vem e segue-me&#8221; (MT 19,21). Os preparativos&nbsp;t\u00eam in\u00edcio no dia 11 e segue at\u00e9 19 de janeiro. As celebra\u00e7\u00f5es eucar\u00edsticas&nbsp;acontecer\u00e3o sempre \u00e0s 19h30, todos os dias, e aos domingos, \u00e0s 18h.<\/p>\n<p><strong>Confere aqui, a programa\u00e7\u00e3o&nbsp;completa.<\/strong><\/p>\n<p><img loading=\"lazy\" decoding=\"async\" class=\"alignnone wp-image-67959\" src=\"http:\/\/portalcatolico.net\/portal\/wp-content\/uploads\/2020\/01\/1c33feea-764f-48c7-a23e-657ce8f1383b-300x212.jpg\" alt=\"\" width=\"749\" height=\"529\" srcset=\"http:\/\/portalcatolico.net\/portal\/wp-content\/uploads\/2020\/01\/1c33feea-764f-48c7-a23e-657ce8f1383b-300x212.jpg 300w, http:\/\/portalcatolico.net\/portal\/wp-content\/uploads\/2020\/01\/1c33feea-764f-48c7-a23e-657ce8f1383b-768x543.jpg 768w, http:\/\/portalcatolico.net\/portal\/wp-content\/uploads\/2020\/01\/1c33feea-764f-48c7-a23e-657ce8f1383b-1024x724.jpg 1024w, http:\/\/portalcatolico.net\/portal\/wp-content\/uploads\/2020\/01\/1c33feea-764f-48c7-a23e-657ce8f1383b.jpg 1280w\" sizes=\"auto, (max-width: 749px) 100vw, 749px\" \/><\/p>\n<p><img loading=\"lazy\" decoding=\"async\" class=\"alignnone wp-image-67960\" src=\"http:\/\/portalcatolico.net\/portal\/wp-content\/uploads\/2020\/01\/65eb1397-ea06-4a66-b4e3-aa0361c2c9ba-300x212.jpg\" alt=\"\" width=\"742\" height=\"524\" srcset=\"http:\/\/portalcatolico.net\/portal\/wp-content\/uploads\/2020\/01\/65eb1397-ea06-4a66-b4e3-aa0361c2c9ba-300x212.jpg 300w, http:\/\/portalcatolico.net\/portal\/wp-content\/uploads\/2020\/01\/65eb1397-ea06-4a66-b4e3-aa0361c2c9ba-768x543.jpg 768w, http:\/\/portalcatolico.net\/portal\/wp-content\/uploads\/2020\/01\/65eb1397-ea06-4a66-b4e3-aa0361c2c9ba-1024x724.jpg 1024w, http:\/\/portalcatolico.net\/portal\/wp-content\/uploads\/2020\/01\/65eb1397-ea06-4a66-b4e3-aa0361c2c9ba.jpg 1280w\" sizes=\"auto, (max-width: 742px) 100vw, 742px\" \/><\/p>\n","protected":false},"excerpt":{"rendered":"<p>O Padre Manoel Carlos, p\u00e1roco da par\u00f3quia Senhor do Bonfim na&nbsp;cidade e diocese de Itabuna, no sul da Bahia, a Pastoral da Liturgia&nbsp; e o Conselho Paroquial&nbsp; t\u00eam a&nbsp;&nbsp;alegria de convidar voc\u00ea e sua fam\u00edlia, e toda a&nbsp;comunidade cat\u00f3lica, para participarem do noven\u00e1rio em honra ao&nbsp; glorioso&nbsp;&nbsp;padroeiro do bairro Jardim Primavera, o Senhor do Bonfim.&nbsp;<\/p>\n<p><a class=\"btn btn-style\" href=\"http:\/\/portalcatolico.net\/portal\/vem-ai-o-novenario-em-honra-ao-senhor-do-bonfim-em-itabuna-2\/\">Continue Reading<\/a><\/p>\n","protected":false},"author":2,"featured_media":67957,"comment_status":"open","ping_status":"open","sticky":false,"template":"","format":"standard","meta":{"footnotes":""},"categories":[1],"tags":[],"class_list":["post-67956","post","type-post","status-publish","format-standard","has-post-thumbnail","hentry","category-agenda"],"_links":{"self":[{"href":"http:\/\/portalcatolico.net\/portal\/wp-json\/wp\/v2\/posts\/67956","targetHints":{"allow":["GET"]}}],"collection":[{"href":"http:\/\/portalcatolico.net\/portal\/wp-json\/wp\/v2\/posts"}],"about":[{"href":"http:\/\/portalcatolico.net\/portal\/wp-json\/wp\/v2\/types\/post"}],"author":[{"embeddable":true,"href":"http:\/\/portalcatolico.net\/portal\/wp-json\/wp\/v2\/users\/2"}],"replies":[{"embeddable":true,"href":"http:\/\/portalcatolico.net\/portal\/wp-json\/wp\/v2\/comments?post=67956"}],"version-history":[{"count":3,"href":"http:\/\/portalcatolico.net\/portal\/wp-json\/wp\/v2\/posts\/67956\/revisions"}],"predecessor-version":[{"id":67962,"href":"http:\/\/portalcatolico.net\/portal\/wp-json\/wp\/v2\/posts\/67956\/revisions\/67962"}],"wp:featuredmedia":[{"embeddable":true,"href":"http:\/\/portalcatolico.net\/portal\/wp-json\/wp\/v2\/media\/67957"}],"wp:attachment":[{"href":"http:\/\/portalcatolico.net\/portal\/wp-json\/wp\/v2\/media?parent=67956"}],"wp:term":[{"taxonomy":"category","embeddable":true,"href":"http:\/\/portalcatolico.net\/portal\/wp-json\/wp\/v2\/categories?post=67956"},{"taxonomy":"post_tag","embeddable":true,"href":"http:\/\/portalcatolico.net\/portal\/wp-json\/wp\/v2\/tags?post=67956"}],"curies":[{"name":"wp","href":"https:\/\/api.w.org\/{rel}","templated":true}]}}