{"id":67925,"date":"2020-01-06T00:14:28","date_gmt":"2020-01-06T03:14:28","guid":{"rendered":"http:\/\/portalcatolico.net\/portal\/?p=67925"},"modified":"2020-01-03T20:15:31","modified_gmt":"2020-01-03T23:15:31","slug":"67925-2","status":"publish","type":"post","link":"http:\/\/portalcatolico.net\/portal\/67925-2\/","title":{"rendered":"S\u00e3o L\u00e1zaro ser\u00e1 homenageado em Igreja na Federa\u00e7\u00e3o"},"content":{"rendered":"<p>Os devotos de S\u00e3o L\u00e1zaro, citado no Evangelho de S\u00e3o Lucas como o leproso e tamb\u00e9m conhecido como protetor dos enfermos, dos desamparados e dos animais doentes, celebram a festa do padroeiro no dia 26 de janeiro. Em prepara\u00e7\u00e3o a este dia, ser\u00e1 realizado um tr\u00edduo, sempre \u00e0s segundas-feiras (6, 13 e 20 de janeiro), com Missas em quatro hor\u00e1rios: \u00e0s 7h, 9h, 16h e 18h.<\/p>\n<p>No dia festivo \u2013 26 de janeiro \u2013 a programa\u00e7\u00e3o contar\u00e1 com alvorada \u00e0s 5h30; e Missas \u00e0s 7h, 9h e 11h. O ponto alto ser\u00e1 a Missa Festiva, \u00e0s 15h, seguida de prociss\u00e3o, que sair\u00e1 da Igreja, passar\u00e1 pela rua Aristides Novis, Rua Caetano Moura, Cemit\u00e9rio Campo Santo, Rua Severo Pessoa e retornar\u00e1 para a Igreja, onde haver\u00e1 a b\u00ean\u00e7\u00e3o com o Sant\u00edssimo Sacramento. O tema escolhido para este ano \u00e9 \u201cOuvinte e praticante da Palavra de Deus\u201d e o lema \u201cCom ele vamos ser disc\u00edpulos e mission\u00e1rios\u201d.<\/p>\n<p>As homenagens a S\u00e3o L\u00e1zaro continuar\u00e3o no dia 27 de janeiro, quando ser\u00e3o celebradas Missas \u00e0s 7h, 9h, 11h, 16h e 18h. A Igreja S\u00e3o L\u00e1zaro e S\u00e3o Roque est\u00e1 localizada na Estrada de S\u00e3o L\u00e1zaro, Rua Professor Aristides Novis, s\/n, Federa\u00e7\u00e3o.<\/p>\n<p>Foto: Reprodu\u00e7\u00e3o\/TV Bahia<\/p>\n<p>Noticias: Arquidiocese de Salvador (BA)<\/p>\n","protected":false},"excerpt":{"rendered":"<p>Os devotos de S\u00e3o L\u00e1zaro, citado no Evangelho de S\u00e3o Lucas como o leproso e tamb\u00e9m conhecido como protetor dos enfermos, dos desamparados e dos animais doentes, celebram a festa do padroeiro no dia 26 de janeiro. Em prepara\u00e7\u00e3o a este dia, ser\u00e1 realizado um tr\u00edduo, sempre \u00e0s segundas-feiras (6, 13 e 20 de janeiro),&nbsp;<\/p>\n<p><a class=\"btn btn-style\" href=\"http:\/\/portalcatolico.net\/portal\/67925-2\/\">Continue Reading<\/a><\/p>\n","protected":false},"author":2,"featured_media":67926,"comment_status":"open","ping_status":"open","sticky":false,"template":"","format":"standard","meta":{"footnotes":""},"categories":[1],"tags":[],"class_list":["post-67925","post","type-post","status-publish","format-standard","has-post-thumbnail","hentry","category-agenda"],"_links":{"self":[{"href":"http:\/\/portalcatolico.net\/portal\/wp-json\/wp\/v2\/posts\/67925","targetHints":{"allow":["GET"]}}],"collection":[{"href":"http:\/\/portalcatolico.net\/portal\/wp-json\/wp\/v2\/posts"}],"about":[{"href":"http:\/\/portalcatolico.net\/portal\/wp-json\/wp\/v2\/types\/post"}],"author":[{"embeddable":true,"href":"http:\/\/portalcatolico.net\/portal\/wp-json\/wp\/v2\/users\/2"}],"replies":[{"embeddable":true,"href":"http:\/\/portalcatolico.net\/portal\/wp-json\/wp\/v2\/comments?post=67925"}],"version-history":[{"count":2,"href":"http:\/\/portalcatolico.net\/portal\/wp-json\/wp\/v2\/posts\/67925\/revisions"}],"predecessor-version":[{"id":67928,"href":"http:\/\/portalcatolico.net\/portal\/wp-json\/wp\/v2\/posts\/67925\/revisions\/67928"}],"wp:featuredmedia":[{"embeddable":true,"href":"http:\/\/portalcatolico.net\/portal\/wp-json\/wp\/v2\/media\/67926"}],"wp:attachment":[{"href":"http:\/\/portalcatolico.net\/portal\/wp-json\/wp\/v2\/media?parent=67925"}],"wp:term":[{"taxonomy":"category","embeddable":true,"href":"http:\/\/portalcatolico.net\/portal\/wp-json\/wp\/v2\/categories?post=67925"},{"taxonomy":"post_tag","embeddable":true,"href":"http:\/\/portalcatolico.net\/portal\/wp-json\/wp\/v2\/tags?post=67925"}],"curies":[{"name":"wp","href":"https:\/\/api.w.org\/{rel}","templated":true}]}}