{"id":66263,"date":"2019-09-07T14:37:37","date_gmt":"2019-09-07T17:37:37","guid":{"rendered":"http:\/\/portalcatolico.net\/portal\/?p=66263"},"modified":"2019-09-07T14:39:21","modified_gmt":"2019-09-07T17:39:21","slug":"monsenhor-sebastiao-celebra-89-anos-numa-missa-em-acao-de-gracas-em-ibicarai","status":"publish","type":"post","link":"http:\/\/portalcatolico.net\/portal\/monsenhor-sebastiao-celebra-89-anos-numa-missa-em-acao-de-gracas-em-ibicarai\/","title":{"rendered":"Monsenhor Sebasti\u00e3o celebra 89 anos numa missa em A\u00e7\u00e3o de Gra\u00e7as em Ibicara\u00ed"},"content":{"rendered":"<div dir=\"auto\">Na noite de ontem, 06 de Setembro, \u00e0s 19h, na par\u00f3quia Senhor Deus Menino em Ibicara\u00ed (BA), foi celebrada uma missa em A\u00e7\u00e3o de Gra\u00e7as pelos oitenta e nove anos do Monsenhor Sebasti\u00e3o. O presidente da missa foi o pr\u00f3prio aniversariante. A concelebra\u00e7\u00e3o foi feita pelos padre Wesley Concei\u00e7\u00e3o, Adriano Fernandes, Jos\u00e9 Andrade, Jos\u00e9 Roberto, Luiz Alves, Euvaldo Santana, C\u00f4nego Nicolau (que explanou a homilia) e o Di\u00e1cono Sandoval.<\/div>\n<div dir=\"auto\">Estavam presentes tamb\u00e9m, os representantes do poder Executivo e Legislativo da cidade de Ibicara\u00ed, juntamente com todos os fi\u00e9is da par\u00f3quia e comunidades.<\/div>\n<div dir=\"auto\">Texto e fotos:Tiago Souza<\/div>\n<div dir=\"auto\"><img loading=\"lazy\" decoding=\"async\" class=\"alignnone size-medium wp-image-66266\" src=\"http:\/\/portalcatolico.net\/portal\/wp-content\/uploads\/2019\/09\/3a40572a-43b0-481a-92ae-292068718af8-300x225.jpg\" alt=\"\" width=\"300\" height=\"225\" srcset=\"http:\/\/portalcatolico.net\/portal\/wp-content\/uploads\/2019\/09\/3a40572a-43b0-481a-92ae-292068718af8-300x225.jpg 300w, http:\/\/portalcatolico.net\/portal\/wp-content\/uploads\/2019\/09\/3a40572a-43b0-481a-92ae-292068718af8-768x576.jpg 768w, http:\/\/portalcatolico.net\/portal\/wp-content\/uploads\/2019\/09\/3a40572a-43b0-481a-92ae-292068718af8-1024x768.jpg 1024w, http:\/\/portalcatolico.net\/portal\/wp-content\/uploads\/2019\/09\/3a40572a-43b0-481a-92ae-292068718af8.jpg 1040w\" sizes=\"auto, (max-width: 300px) 100vw, 300px\" \/> <img loading=\"lazy\" decoding=\"async\" class=\"alignnone size-medium wp-image-66267\" src=\"http:\/\/portalcatolico.net\/portal\/wp-content\/uploads\/2019\/09\/5abc5998-8c7e-4cf2-84d0-b350c8781dcc-300x225.jpg\" alt=\"\" width=\"300\" height=\"225\" srcset=\"http:\/\/portalcatolico.net\/portal\/wp-content\/uploads\/2019\/09\/5abc5998-8c7e-4cf2-84d0-b350c8781dcc-300x225.jpg 300w, http:\/\/portalcatolico.net\/portal\/wp-content\/uploads\/2019\/09\/5abc5998-8c7e-4cf2-84d0-b350c8781dcc-768x576.jpg 768w, http:\/\/portalcatolico.net\/portal\/wp-content\/uploads\/2019\/09\/5abc5998-8c7e-4cf2-84d0-b350c8781dcc-1024x768.jpg 1024w, http:\/\/portalcatolico.net\/portal\/wp-content\/uploads\/2019\/09\/5abc5998-8c7e-4cf2-84d0-b350c8781dcc.jpg 1040w\" sizes=\"auto, (max-width: 300px) 100vw, 300px\" \/> <img loading=\"lazy\" decoding=\"async\" class=\"alignnone size-medium wp-image-66268\" src=\"http:\/\/portalcatolico.net\/portal\/wp-content\/uploads\/2019\/09\/8a2bca77-4cee-4840-ae87-3b9e397e6017-300x225.jpg\" alt=\"\" width=\"300\" height=\"225\" srcset=\"http:\/\/portalcatolico.net\/portal\/wp-content\/uploads\/2019\/09\/8a2bca77-4cee-4840-ae87-3b9e397e6017-300x225.jpg 300w, http:\/\/portalcatolico.net\/portal\/wp-content\/uploads\/2019\/09\/8a2bca77-4cee-4840-ae87-3b9e397e6017-768x576.jpg 768w, http:\/\/portalcatolico.net\/portal\/wp-content\/uploads\/2019\/09\/8a2bca77-4cee-4840-ae87-3b9e397e6017-1024x768.jpg 1024w, http:\/\/portalcatolico.net\/portal\/wp-content\/uploads\/2019\/09\/8a2bca77-4cee-4840-ae87-3b9e397e6017.jpg 1040w\" sizes=\"auto, (max-width: 300px) 100vw, 300px\" \/> <img loading=\"lazy\" decoding=\"async\" class=\"alignnone size-medium wp-image-66269\" src=\"http:\/\/portalcatolico.net\/portal\/wp-content\/uploads\/2019\/09\/8397e27a-0b5f-4164-b648-f4e6fc9513af-300x225.jpg\" alt=\"\" width=\"300\" height=\"225\" srcset=\"http:\/\/portalcatolico.net\/portal\/wp-content\/uploads\/2019\/09\/8397e27a-0b5f-4164-b648-f4e6fc9513af-300x225.jpg 300w, http:\/\/portalcatolico.net\/portal\/wp-content\/uploads\/2019\/09\/8397e27a-0b5f-4164-b648-f4e6fc9513af-768x576.jpg 768w, http:\/\/portalcatolico.net\/portal\/wp-content\/uploads\/2019\/09\/8397e27a-0b5f-4164-b648-f4e6fc9513af-1024x768.jpg 1024w, http:\/\/portalcatolico.net\/portal\/wp-content\/uploads\/2019\/09\/8397e27a-0b5f-4164-b648-f4e6fc9513af.jpg 1040w\" sizes=\"auto, (max-width: 300px) 100vw, 300px\" \/><\/div>\n","protected":false},"excerpt":{"rendered":"<p>Na noite de ontem, 06 de Setembro, \u00e0s 19h, na par\u00f3quia Senhor Deus Menino em Ibicara\u00ed (BA), foi celebrada uma missa em A\u00e7\u00e3o de Gra\u00e7as pelos oitenta e nove anos do Monsenhor Sebasti\u00e3o. O presidente da missa foi o pr\u00f3prio aniversariante. A concelebra\u00e7\u00e3o foi feita pelos padre Wesley Concei\u00e7\u00e3o, Adriano Fernandes, Jos\u00e9 Andrade, Jos\u00e9 Roberto,&nbsp;<\/p>\n<p><a class=\"btn btn-style\" href=\"http:\/\/portalcatolico.net\/portal\/monsenhor-sebastiao-celebra-89-anos-numa-missa-em-acao-de-gracas-em-ibicarai\/\">Continue Reading<\/a><\/p>\n","protected":false},"author":2,"featured_media":66264,"comment_status":"open","ping_status":"open","sticky":false,"template":"","format":"standard","meta":{"footnotes":""},"categories":[4],"tags":[],"class_list":["post-66263","post","type-post","status-publish","format-standard","has-post-thumbnail","hentry","category-destaques"],"_links":{"self":[{"href":"http:\/\/portalcatolico.net\/portal\/wp-json\/wp\/v2\/posts\/66263","targetHints":{"allow":["GET"]}}],"collection":[{"href":"http:\/\/portalcatolico.net\/portal\/wp-json\/wp\/v2\/posts"}],"about":[{"href":"http:\/\/portalcatolico.net\/portal\/wp-json\/wp\/v2\/types\/post"}],"author":[{"embeddable":true,"href":"http:\/\/portalcatolico.net\/portal\/wp-json\/wp\/v2\/users\/2"}],"replies":[{"embeddable":true,"href":"http:\/\/portalcatolico.net\/portal\/wp-json\/wp\/v2\/comments?post=66263"}],"version-history":[{"count":3,"href":"http:\/\/portalcatolico.net\/portal\/wp-json\/wp\/v2\/posts\/66263\/revisions"}],"predecessor-version":[{"id":66271,"href":"http:\/\/portalcatolico.net\/portal\/wp-json\/wp\/v2\/posts\/66263\/revisions\/66271"}],"wp:featuredmedia":[{"embeddable":true,"href":"http:\/\/portalcatolico.net\/portal\/wp-json\/wp\/v2\/media\/66264"}],"wp:attachment":[{"href":"http:\/\/portalcatolico.net\/portal\/wp-json\/wp\/v2\/media?parent=66263"}],"wp:term":[{"taxonomy":"category","embeddable":true,"href":"http:\/\/portalcatolico.net\/portal\/wp-json\/wp\/v2\/categories?post=66263"},{"taxonomy":"post_tag","embeddable":true,"href":"http:\/\/portalcatolico.net\/portal\/wp-json\/wp\/v2\/tags?post=66263"}],"curies":[{"name":"wp","href":"https:\/\/api.w.org\/{rel}","templated":true}]}}