{"id":66257,"date":"2019-09-06T22:06:02","date_gmt":"2019-09-07T01:06:02","guid":{"rendered":"http:\/\/portalcatolico.net\/portal\/?p=66257"},"modified":"2019-09-06T22:06:17","modified_gmt":"2019-09-07T01:06:17","slug":"25a-edicao-do-grito-dos-excluidos-acontecera-durante-as-comemoracoes-pela-independencia-do-brasil","status":"publish","type":"post","link":"http:\/\/portalcatolico.net\/portal\/25a-edicao-do-grito-dos-excluidos-acontecera-durante-as-comemoracoes-pela-independencia-do-brasil\/","title":{"rendered":"25\u00aa edi\u00e7\u00e3o do Grito dos Exclu\u00eddos acontecer\u00e1 durante as comemora\u00e7\u00f5es pela Independ\u00eancia do Brasil"},"content":{"rendered":"<p>No dia 7 de setembro, data em que o Brasil comemora a sua independ\u00eancia pol\u00edtica, acontecer\u00e1 a 25\u00aa edi\u00e7\u00e3o do Grito dos Exclu\u00eddos, que este ano tem como tema \u201cEste sistema n\u00e3o vale! Lutamos por justi\u00e7a, direitos e liberdade\u201d. Em Salvador, o ato ter\u00e1 a concentra\u00e7\u00e3o em frente ao Teatro Castro Alves (TCA), no Campo Grande, \u00e0s 9h, com interven\u00e7\u00f5es culturais, anima\u00e7\u00e3o e presen\u00e7a marcante das pastorais sociais. Por volta das 10h os participantes sair\u00e3o em caminhada at\u00e9 a Pra\u00e7a Castro Alves, com parada na Pra\u00e7a da Piedade. O Grito ser\u00e1 encerrado \u00e0s 12h, com o hino do Brasil.<\/p>\n<p>Como em anos anteriores, o ato que acontece em todo o pa\u00eds \u00e9 constru\u00eddo por comit\u00eas religiosos, movimentos populares, sindicatos e organiza\u00e7\u00f5es civis. O Grito dos Exclu\u00eddos \u00e9 uma manifesta\u00e7\u00e3o popular carregada de simbolismo. \u00c9 um espa\u00e7o de anima\u00e7\u00e3o, sempre aberto a grupos, entidades, igrejas e movimentos sociais comprometidos com as causas dos exclu\u00eddos. De acordo com os organizadores, o Grito n\u00e3o tem um \u201cdono\u201d: n\u00e3o \u00e9 da Igreja, do Sindicato, da Pastoral; n\u00e3o se caracteriza por discursos de lideran\u00e7as, nem pela centraliza\u00e7\u00e3o dos seus atos.<\/p>\n<p>A proposta do Grito surgiu no Brasil no ano de 1994, e o 1\u00ba Grito dos Exclu\u00eddos foi realizado em setembro de 1995, com o objetivo de aprofundar o tema da Campanha da Fraternidade do mesmo ano, que tinha como lema&nbsp;<em>Eras tu, Senhor<\/em>, e responder aos desafios levantados na 2\u00aa Semana Social Brasileira, cujo tema era&nbsp;<em>Brasil, alternativas e protagonistas<\/em>. Em 1999, o Grito rompeu fronteiras e estendeu-se para as Am\u00e9ricas.<\/p>\n<p><em><strong><u>&nbsp;<\/u><\/strong><\/em>Por: Sara Gomes\/Arquidiocese de Salvador(BA)<\/p>\n","protected":false},"excerpt":{"rendered":"<p>No dia 7 de setembro, data em que o Brasil comemora a sua independ\u00eancia pol\u00edtica, acontecer\u00e1 a 25\u00aa edi\u00e7\u00e3o do Grito dos Exclu\u00eddos, que este ano tem como tema \u201cEste sistema n\u00e3o vale! Lutamos por justi\u00e7a, direitos e liberdade\u201d. Em Salvador, o ato ter\u00e1 a concentra\u00e7\u00e3o em frente ao Teatro Castro Alves (TCA), no Campo&nbsp;<\/p>\n<p><a class=\"btn btn-style\" href=\"http:\/\/portalcatolico.net\/portal\/25a-edicao-do-grito-dos-excluidos-acontecera-durante-as-comemoracoes-pela-independencia-do-brasil\/\">Continue Reading<\/a><\/p>\n","protected":false},"author":2,"featured_media":66223,"comment_status":"open","ping_status":"open","sticky":false,"template":"","format":"standard","meta":{"footnotes":""},"categories":[4],"tags":[],"class_list":["post-66257","post","type-post","status-publish","format-standard","has-post-thumbnail","hentry","category-destaques"],"_links":{"self":[{"href":"http:\/\/portalcatolico.net\/portal\/wp-json\/wp\/v2\/posts\/66257","targetHints":{"allow":["GET"]}}],"collection":[{"href":"http:\/\/portalcatolico.net\/portal\/wp-json\/wp\/v2\/posts"}],"about":[{"href":"http:\/\/portalcatolico.net\/portal\/wp-json\/wp\/v2\/types\/post"}],"author":[{"embeddable":true,"href":"http:\/\/portalcatolico.net\/portal\/wp-json\/wp\/v2\/users\/2"}],"replies":[{"embeddable":true,"href":"http:\/\/portalcatolico.net\/portal\/wp-json\/wp\/v2\/comments?post=66257"}],"version-history":[{"count":1,"href":"http:\/\/portalcatolico.net\/portal\/wp-json\/wp\/v2\/posts\/66257\/revisions"}],"predecessor-version":[{"id":66258,"href":"http:\/\/portalcatolico.net\/portal\/wp-json\/wp\/v2\/posts\/66257\/revisions\/66258"}],"wp:featuredmedia":[{"embeddable":true,"href":"http:\/\/portalcatolico.net\/portal\/wp-json\/wp\/v2\/media\/66223"}],"wp:attachment":[{"href":"http:\/\/portalcatolico.net\/portal\/wp-json\/wp\/v2\/media?parent=66257"}],"wp:term":[{"taxonomy":"category","embeddable":true,"href":"http:\/\/portalcatolico.net\/portal\/wp-json\/wp\/v2\/categories?post=66257"},{"taxonomy":"post_tag","embeddable":true,"href":"http:\/\/portalcatolico.net\/portal\/wp-json\/wp\/v2\/tags?post=66257"}],"curies":[{"name":"wp","href":"https:\/\/api.w.org\/{rel}","templated":true}]}}