{"id":66253,"date":"2019-09-05T21:02:25","date_gmt":"2019-09-06T00:02:25","guid":{"rendered":"http:\/\/portalcatolico.net\/portal\/?p=66253"},"modified":"2019-09-05T21:02:51","modified_gmt":"2019-09-06T00:02:51","slug":"diocese-realiza-seminario-preparatorio-para-o-grito-dos-excluidos","status":"publish","type":"post","link":"http:\/\/portalcatolico.net\/portal\/diocese-realiza-seminario-preparatorio-para-o-grito-dos-excluidos\/","title":{"rendered":"Diocese realiza  Semin\u00e1rio preparat\u00f3rio para o Grito dos exclu\u00eddos"},"content":{"rendered":"<p>A Diocese de Itabuna (BA) realizou na noite de ontem (04\/09), mediante o Conselho de Pastoral da Diocese um Semin\u00e1rio preparat\u00f3rio para o Grito dos exclu\u00eddos, tratando a crise da sa\u00fade no Munic\u00edpio de Itabuna que concentra um atendimento macro-regionalizado contanto com 60 munic\u00edpios pactuados. Uma crise em Itabuna afeta uma Regi\u00e3o inteira. Estiveram presentes o Secret\u00e1rio de Sa\u00fade Uildosn Henrique e o Presidente do Conselho Municipal de Sa\u00fade. Houve representatividade das par\u00f3quias da Forania Centro, al\u00e9m de diversos seguimentos da Sociedade Civil Organizada.<\/p>\n<p>Texto e foto: Pe. Ac\u00e1ssio Alves \/Coordenador Diocesano de Pastoral<\/p>\n","protected":false},"excerpt":{"rendered":"<p>A Diocese de Itabuna (BA) realizou na noite de ontem (04\/09), mediante o Conselho de Pastoral da Diocese um Semin\u00e1rio preparat\u00f3rio para o Grito dos exclu\u00eddos, tratando a crise da sa\u00fade no Munic\u00edpio de Itabuna que concentra um atendimento macro-regionalizado contanto com 60 munic\u00edpios pactuados. Uma crise em Itabuna afeta uma Regi\u00e3o inteira. Estiveram presentes&nbsp;<\/p>\n<p><a class=\"btn btn-style\" href=\"http:\/\/portalcatolico.net\/portal\/diocese-realiza-seminario-preparatorio-para-o-grito-dos-excluidos\/\">Continue Reading<\/a><\/p>\n","protected":false},"author":2,"featured_media":66254,"comment_status":"open","ping_status":"open","sticky":false,"template":"","format":"standard","meta":{"footnotes":""},"categories":[4],"tags":[],"class_list":["post-66253","post","type-post","status-publish","format-standard","has-post-thumbnail","hentry","category-destaques"],"_links":{"self":[{"href":"http:\/\/portalcatolico.net\/portal\/wp-json\/wp\/v2\/posts\/66253","targetHints":{"allow":["GET"]}}],"collection":[{"href":"http:\/\/portalcatolico.net\/portal\/wp-json\/wp\/v2\/posts"}],"about":[{"href":"http:\/\/portalcatolico.net\/portal\/wp-json\/wp\/v2\/types\/post"}],"author":[{"embeddable":true,"href":"http:\/\/portalcatolico.net\/portal\/wp-json\/wp\/v2\/users\/2"}],"replies":[{"embeddable":true,"href":"http:\/\/portalcatolico.net\/portal\/wp-json\/wp\/v2\/comments?post=66253"}],"version-history":[{"count":2,"href":"http:\/\/portalcatolico.net\/portal\/wp-json\/wp\/v2\/posts\/66253\/revisions"}],"predecessor-version":[{"id":66256,"href":"http:\/\/portalcatolico.net\/portal\/wp-json\/wp\/v2\/posts\/66253\/revisions\/66256"}],"wp:featuredmedia":[{"embeddable":true,"href":"http:\/\/portalcatolico.net\/portal\/wp-json\/wp\/v2\/media\/66254"}],"wp:attachment":[{"href":"http:\/\/portalcatolico.net\/portal\/wp-json\/wp\/v2\/media?parent=66253"}],"wp:term":[{"taxonomy":"category","embeddable":true,"href":"http:\/\/portalcatolico.net\/portal\/wp-json\/wp\/v2\/categories?post=66253"},{"taxonomy":"post_tag","embeddable":true,"href":"http:\/\/portalcatolico.net\/portal\/wp-json\/wp\/v2\/tags?post=66253"}],"curies":[{"name":"wp","href":"https:\/\/api.w.org\/{rel}","templated":true}]}}