{"id":66250,"date":"2019-09-05T20:50:48","date_gmt":"2019-09-05T23:50:48","guid":{"rendered":"http:\/\/portalcatolico.net\/portal\/?p=66250"},"modified":"2019-09-05T20:50:48","modified_gmt":"2019-09-05T23:50:48","slug":"governo-da-bahia-decreta-13-de-outubro-como-dia-de-irma-dulce-no-estado","status":"publish","type":"post","link":"http:\/\/portalcatolico.net\/portal\/governo-da-bahia-decreta-13-de-outubro-como-dia-de-irma-dulce-no-estado\/","title":{"rendered":"Governo da Bahia decreta 13 de outubro como Dia de Irm\u00e3 Dulce no estado"},"content":{"rendered":"<div class=\"row content-head non-featured \">\n<div class=\"medium-centered subtitle\">\n<p><em>Data marca a canoniza\u00e7\u00e3o da beata. Celebra\u00e7\u00e3o ser\u00e1 realizada no Vaticano. Igreja Cat\u00f3lica celebra Irm\u00e3 Dulce em 13 de agosto, dia em que ela se tornou freira. <\/em><\/p>\n<p><em>O Governo da Bahia decretou o 13 de outubro como dia de celebra\u00e7\u00e3o \u00e0 Irm\u00e3 Dulce no estado. De acordo com a decis\u00e3o, que foi publicada na ter\u00e7a-feira (3) no Di\u00e1rio Oficial, a data ficar\u00e1 conhecida na Bahia como Dia da Santa Irm\u00e3 Dulce dos Pobres, por\u00e9m, n\u00e3o vai ser feriado.<\/em><\/p>\n<p><em>&nbsp;<\/em><em>O 13 de outubro foi escolhido por ser o dia em que a beata ser\u00e1 canonizada. Regida pelo Papa Francisco, a&nbsp;celebra\u00e7\u00e3o ser\u00e1 realizada no m\u00eas que vem, no Vaticano, em Roma. Na Igreja Cat\u00f3lica, Irm\u00e3 Dulce continuar\u00e1 sendo celebrada em 13 de agosto, dia em que ela se tornou freira.<\/em><\/p>\n<p><em>A beata \u00e9 a primeira mulher nascida no Brasil que se tornar\u00e1 santa. A freira, que teve uma&nbsp;vida marcada por f\u00e9 e caridade, se tornar\u00e1 a Santa Dulce dos Pobres.<\/em><\/p>\n<p><em>Tr\u00eas gra\u00e7as alcan\u00e7adas por devotos, ap\u00f3s ora\u00e7\u00f5es a Irm\u00e3 Dulce, estavam sendo analisadas pelo Vaticano, com vista no processo de canoniza\u00e7\u00e3o da religiosa. Esses tr\u00eas casos foram enviados ao Vaticano pelas Obras Sociais Irm\u00e3 Dulce (OSID), em 2014, ap\u00f3s an\u00e1lise de profissionais da pr\u00f3pria institui\u00e7\u00e3o. <\/em><\/p>\n<p><em>O&nbsp;primeiro milagre foi reconhecido em outubro de 2010, quando Irm\u00e3 Dulce foi beatificada. Depois disso, iniciou-se o processo para buscar a canoniza\u00e7\u00e3o, quando a pessoa passa a ser considerada santa pela Igreja Cat\u00f3lica.<\/em><\/p>\n<p><em>O Vaticano anunciou a canoniza\u00e7\u00e3o da freira em maio deste ano, quando um segundo milagre atribu\u00eddo \u00e0 religiosa, tamb\u00e9m conhecida como \u201cO Anjo bom da Bahia\u201d, foi reconhecido por meio de decreto.<\/em><\/p>\n<p><em>A canoniza\u00e7\u00e3o de Irm\u00e3 Dulce ser\u00e1 a terceira mais r\u00e1pida da hist\u00f3ria (27 anos ap\u00f3s seu falecimento), atr\u00e1s apenas da santifica\u00e7\u00e3o de Madre Teresa de Calcut\u00e1 (19 anos ap\u00f3s o falecimento da religiosa) e do Papa Jo\u00e3o Paulo II (9 anos ap\u00f3s sua morte).<\/em><\/p>\n<p><em>&nbsp;<\/em><em>irm\u00e3 Dulce \u2014 Foto: Reprodu\u00e7\u00e3o\/Site da Osid<\/em><\/p>\n<\/div>\n<\/div>\n<div class=\"content__signa-share\">\n<div class=\"content__signature\">\n<div class=\"content-publication-data\">\n<div class=\"content-publication-data__text\">\n<p class=\"content-publication-data__from\" title=\"G1 BA\">Por G1 BA<\/p>\n<\/div>\n<\/div>\n<\/div>\n<\/div>\n","protected":false},"excerpt":{"rendered":"<p>Data marca a canoniza\u00e7\u00e3o da beata. Celebra\u00e7\u00e3o ser\u00e1 realizada no Vaticano. Igreja Cat\u00f3lica celebra Irm\u00e3 Dulce em 13 de agosto, dia em que ela se tornou freira. O Governo da Bahia decretou o 13 de outubro como dia de celebra\u00e7\u00e3o \u00e0 Irm\u00e3 Dulce no estado. De acordo com a decis\u00e3o, que foi publicada na ter\u00e7a-feira&nbsp;<\/p>\n<p><a class=\"btn btn-style\" href=\"http:\/\/portalcatolico.net\/portal\/governo-da-bahia-decreta-13-de-outubro-como-dia-de-irma-dulce-no-estado\/\">Continue Reading<\/a><\/p>\n","protected":false},"author":2,"featured_media":66251,"comment_status":"open","ping_status":"open","sticky":false,"template":"","format":"standard","meta":{"footnotes":""},"categories":[3],"tags":[],"class_list":["post-66250","post","type-post","status-publish","format-standard","has-post-thumbnail","hentry","category-noticias_regionais"],"_links":{"self":[{"href":"http:\/\/portalcatolico.net\/portal\/wp-json\/wp\/v2\/posts\/66250","targetHints":{"allow":["GET"]}}],"collection":[{"href":"http:\/\/portalcatolico.net\/portal\/wp-json\/wp\/v2\/posts"}],"about":[{"href":"http:\/\/portalcatolico.net\/portal\/wp-json\/wp\/v2\/types\/post"}],"author":[{"embeddable":true,"href":"http:\/\/portalcatolico.net\/portal\/wp-json\/wp\/v2\/users\/2"}],"replies":[{"embeddable":true,"href":"http:\/\/portalcatolico.net\/portal\/wp-json\/wp\/v2\/comments?post=66250"}],"version-history":[{"count":1,"href":"http:\/\/portalcatolico.net\/portal\/wp-json\/wp\/v2\/posts\/66250\/revisions"}],"predecessor-version":[{"id":66252,"href":"http:\/\/portalcatolico.net\/portal\/wp-json\/wp\/v2\/posts\/66250\/revisions\/66252"}],"wp:featuredmedia":[{"embeddable":true,"href":"http:\/\/portalcatolico.net\/portal\/wp-json\/wp\/v2\/media\/66251"}],"wp:attachment":[{"href":"http:\/\/portalcatolico.net\/portal\/wp-json\/wp\/v2\/media?parent=66250"}],"wp:term":[{"taxonomy":"category","embeddable":true,"href":"http:\/\/portalcatolico.net\/portal\/wp-json\/wp\/v2\/categories?post=66250"},{"taxonomy":"post_tag","embeddable":true,"href":"http:\/\/portalcatolico.net\/portal\/wp-json\/wp\/v2\/tags?post=66250"}],"curies":[{"name":"wp","href":"https:\/\/api.w.org\/{rel}","templated":true}]}}