{"id":66247,"date":"2019-09-05T20:33:26","date_gmt":"2019-09-05T23:33:26","guid":{"rendered":"http:\/\/portalcatolico.net\/portal\/?p=66247"},"modified":"2019-09-05T20:33:26","modified_gmt":"2019-09-05T23:33:26","slug":"papa-a-consagrados-encontrar-na-doacao-a-fonte-da-nossa-identidade","status":"publish","type":"post","link":"http:\/\/portalcatolico.net\/portal\/papa-a-consagrados-encontrar-na-doacao-a-fonte-da-nossa-identidade\/","title":{"rendered":"Papa a consagrados: encontrar na doa\u00e7\u00e3o a fonte da nossa identidade"},"content":{"rendered":"<div class=\"article__subTitle\">\u201cO sacerdote \u00e9 o mais pobre dos homens, se Jesus n\u00e3o o enriquece com a sua pobreza; \u00e9 o servo mais in\u00fatil, se Jesus n\u00e3o o trata como amigo; \u00e9 o mais louco dos homens, se Jesus n\u00e3o o instrui pacientemente como fez com Pedro; o mais indefeso dos crist\u00e3os, se o Bom Pastor n\u00e3o o fortifica no meio do rebanho. N\u00e3o h\u00e1 ningu\u00e9m menor que um sacerdote deixado meramente \u00e0s suas for\u00e7as\u201d: disse o Papa no encontro em Maputo com bispos, sacerdotes, religiosos, seminaristas<\/div>\n<div>&nbsp;<\/div>\n<div class=\"title__separator\">Reavivemos nosso chamado vocacional, e que o nosso sim comprometido proclame as grandezas do Senhor e alegre o esp\u00edrito do nosso povo em Deus nosso Salvador. E encha de esperan\u00e7a, paz e reconcilia\u00e7\u00e3o o vosso pa\u00eds, nosso querido Mo\u00e7ambique. Foi o que disse o Papa Francisco no aguardado encontro com os bispos, sacerdotes, religiosos, consagrados, seminaristas, catequistas e animadores pastorais, na tarde desta quinta-feira (05\/09) na Catedral da Imaculada Concei\u00e7\u00e3o, em Maputo, capital do pa\u00eds do sudeste da \u00c1frica, primeira etapa desta sua 31\u00aa Viagem Apost\u00f3lica Internacional.<\/div>\n<div>\n<p><strong>Testemunhos: desafios, sofrimentos e esperan\u00e7a viva<\/strong><\/p>\n<p>O discurso do Santo Padre foi precedido, al\u00e9m da sauda\u00e7\u00e3o de boas-vindas ao ilustre visitante feito pelo presidente da Comiss\u00e3o para o Clero e a Vida Consagrada, Dom Hil\u00e1rio da Cruz Massinga, do testemunho de um sacerdote, de uma religiosa e de um catequista, testemunhos marcados pelos s\u00e9rios desafios, sofrimentos, mas tamb\u00e9m pela viva esperan\u00e7a.<\/p>\n<p>Na reflex\u00e3o do Pont\u00edfice, um convite a renovar a resposta ao chamado vocacional, a renovar a f\u00e9 e a esperan\u00e7a:<\/p>\n<p><i>\u201cEncontramo-nos nesta catedral, dedicada \u00e0 Imaculada Concei\u00e7\u00e3o da Virgem Maria, para compartilhar como fam\u00edlia aquilo que nos acontece; como fam\u00edlia, que nasceu naquele sim que Maria deu ao anjo. Ela, nem por um momento olhou para tr\u00e1s. Quem narra estes acontecimentos do in\u00edcio do mist\u00e9rio da Encarna\u00e7\u00e3o \u00e9 o evangelista Lucas. No seu modo de o fazer, talvez possamos descobrir resposta para as perguntas que fizestes hoje, e encontrar tamb\u00e9m o est\u00edmulo necess\u00e1rio para responder com a mesma generosidade e solicitude de Maria.\u201d<\/i><\/p>\n<p><strong>Contrastar a crise de indentidade sacerdotal<\/strong><\/p>\n<p>Pergunt\u00e1veis que fazer com a crise de identidade sacerdotal, como lutar contra ela? A prop\u00f3sito, o que vou dizer relativamente aos sacerdotes \u00e9 algo que todos (bispos, catequistas, consagrados, seminaristas) somos chamados a cultivar e fomentar, ressaltou Francisco.<\/p>\n<p>\u201cPerante a crise de identidade sacerdotal \u2013 disse o Papa \u2013, talvez tenhamos que sair dos lugares importantes e solenes; temos de voltar aos lugares onde fomos chamados, onde era evidente que a iniciativa e o poder eram de Deus. \u00c0s vezes sem querer, sem culpa moral, habituamo-nos a identificar a nossa atividade quotidiana de sacerdotes com certos ritos, com reuni\u00f5es e col\u00f3quios, onde o lugar que ocupamos na reuni\u00e3o, na mesa ou na sala \u00e9 de hierarquia.\u201d<\/p>\n<p><strong>Se Jesus n\u00e3o o enriquece, sacerdote \u00e9 o mais pobre de todos<\/strong><\/p>\n<p>\u201cCreio n\u00e3o exagerar se dissermos que o sacerdote \u00e9 uma pessoa muito pequena: a grandeza incomensur\u00e1vel do dom que nos \u00e9 dado para o minist\u00e9rio relega-nos entre os menores dos homens\u201d, ressaltou o Pont\u00edfice, acrescentando:<\/p>\n<p><i>\u201cO sacerdote \u00e9 o mais pobre dos homens, se Jesus n\u00e3o o enriquece com a sua pobreza; \u00e9 o servo mais in\u00fatil, se Jesus n\u00e3o o trata como amigo; \u00e9 o mais louco dos homens, se Jesus n\u00e3o o instrui pacientemente como fez com Pedro; o mais indefeso dos crist\u00e3os, se o Bom Pastor n\u00e3o o fortifica no meio do rebanho. N\u00e3o h\u00e1 ningu\u00e9m menor que um sacerdote deixado meramente \u00e0s suas for\u00e7as.\u201d<\/i><\/p>\n<p><strong>Voltar a Nazar\u00e9 para nos renovarmos como pastores<\/strong><\/p>\n<p>Tendo precedentemente aludido ao An\u00fancio do Anjo feito a Zacarias em Jerusal\u00e9m e a Maria em Nazar\u00e9, apresentado pelo evangelista S\u00e3o Lucas, Francisco enfatizou que voltar a Nazar\u00e9 pode ser o caminho para enfrentar a crise de identidade, para nos renovarmos como pastores-disc\u00edpulos-mission\u00e1rios.<\/p>\n<p>\u201cV\u00f3s pr\u00f3prios fal\u00e1veis de certo exagero na preocupa\u00e7\u00e3o de gerar recursos para o bem-estar pessoal, por \u2018caminhos tortuosos\u2019 que muitas vezes acabam por privilegiar atividades com uma retribui\u00e7\u00e3o garantida e criam resist\u00eancias a dedicar a vida ao pastoreio di\u00e1rio\u201d, ressaltou.<\/p>\n<p><strong>Doa\u00e7\u00e3o na proximidade ao povo fiel de Deus<\/strong><\/p>\n<p><i>\u201cN\u00e3o podemos correr atr\u00e1s daquilo que redunda em benef\u00edcios pessoais; os nossos cansa\u00e7os devem estar mais relacionados com \u2018a nossa capacidade de compaix\u00e3o: s\u00e3o compromissos nos quais o nosso cora\u00e7\u00e3o estremece e se comove\u2019.\u201d<\/i><\/p>\n<p>\u201cPara n\u00f3s, sacerdotes \u2013 acrescentou o Santo Padre\u2013, as hist\u00f3rias do nosso povo n\u00e3o s\u00e3o um notici\u00e1rio: conhecemos a nossa gente, podemos adivinhar o que se passa no seu cora\u00e7\u00e3o.\u201d \u201cE, assim, a nossa vida sacerdotal se vai doando no servi\u00e7o, na proximidade ao povo fiel de Deus\u2026, etc., o que sempre, sempre cansa.\u201d<\/p>\n<p><strong>Fugir do &#8220;mundanismo espiritual&#8221; ditado pelo consumismo<\/strong><\/p>\n<p>Francisco observou que renovar o chamado \u201cpassa, muitas vezes, por verificar se os nossos cansa\u00e7os e preocupa\u00e7\u00f5es t\u00eam a ver com um certo \u2018mundanismo espiritual\u2019 ditado \u2018pelo fasc\u00ednio de mil e uma propostas de consumo a que n\u00e3o conseguimos renunciar para caminhar, livres, pelas sendas que nos conduzem ao amor dos nossos irm\u00e3os, ao rebanho do Senhor, \u00e0s ovelhas que aguardam pela voz dos seus pastores\u2019\u201d.<\/p>\n<p><i>&nbsp;\u201cRenovar o chamado passa por optar, dizer sim e cansar-nos com aquilo que \u00e9 fecundo aos olhos de Deus, que torna presente, encarna o seu Filho Jesus. Oxal\u00e1 encontremos, neste saud\u00e1vel cansa\u00e7o, a fonte da nossa identidade e felicidade!\u201d<\/i><\/p>\n<p><strong>Um olhar aos jovens: reconhecer a pr\u00f3pria voca\u00e7\u00e3o<\/strong><\/p>\n<p>Por fim, o Pont\u00edfice dirigiu-se tamb\u00e9m ao jovens que se interrogam ou que j\u00e1 se sentem chamados para a vida consagrada:<\/p>\n<p>\u201cTu que ainda te interrogas ou tu que j\u00e1 est\u00e1s a caminho duma consagra\u00e7\u00e3o definitiva dar-te-\u00e1s conta de que \u2018a ansiedade e a velocidade de tantos est\u00edmulos que nos bombardeiam fazem com que n\u00e3o haja lugar para aquele sil\u00eancio interior onde se percebe o olhar de Jesus e se ouve seu chamado\u2019\u201d.<\/p>\n<div>\n<div class=\"article__embed article__embed--border embed_style\">\n<blockquote><p>\u201cProcura, antes, aqueles espa\u00e7os de calma e sil\u00eancio que te permitam refletir, rezar, ver melhor o mundo ao teu redor e ent\u00e3o sim, juntamente com Jesus, poder\u00e1s reconhecer qual \u00e9 a tua voca\u00e7\u00e3o nesta terra.\u201d<\/p><\/blockquote>\n<\/div>\n<\/div>\n<p>Francisco concluiu destacando que a Igreja em Mo\u00e7ambique \u00e9 convidada a ser a Igreja da Visita\u00e7\u00e3o: \u201cn\u00e3o pode ser parte do problema das compet\u00eancias, menosprezos e divis\u00f5es de uns contra os outros, mas porta de solu\u00e7\u00e3o, espa\u00e7o onde sejam poss\u00edveis o respeito, o interc\u00e2mbio e o di\u00e1logo\u201d.<\/p>\n<\/div>\n<div class=\"article__text\">\n<p><b>Por:Raimundo de Lima\/Vatican News<\/b><\/p>\n<p><iframe loading=\"lazy\"  id=\"_ytid_57218\"  width=\"480\" height=\"270\"  data-origwidth=\"480\" data-origheight=\"270\" src=\"https:\/\/www.youtube.com\/embed\/NWNcxa0mBgg?enablejsapi=1&#038;autoplay=0&#038;cc_load_policy=0&#038;cc_lang_pref=&#038;iv_load_policy=1&#038;loop=0&#038;rel=1&#038;fs=1&#038;playsinline=0&#038;autohide=2&#038;theme=dark&#038;color=red&#038;controls=1&#038;disablekb=0&#038;\" class=\"__youtube_prefs__  epyt-is-override  no-lazyload\" title=\"YouTube player\"  allow=\"fullscreen; accelerometer; autoplay; clipboard-write; encrypted-media; gyroscope; picture-in-picture; web-share\" referrerpolicy=\"strict-origin-when-cross-origin\" allowfullscreen data-no-lazy=\"1\" data-skipgform_ajax_framebjll=\"\"><\/iframe><\/p>\n<p><strong>Papa &#8211; Maputo &#8211; Encontro com bispos, sacerdotes,seminaristas&nbsp; e religiosos<\/strong><\/p>\n<\/div>\n","protected":false},"excerpt":{"rendered":"<p>\u201cO sacerdote \u00e9 o mais pobre dos homens, se Jesus n\u00e3o o enriquece com a sua pobreza; \u00e9 o servo mais in\u00fatil, se Jesus n\u00e3o o trata como amigo; \u00e9 o mais louco dos homens, se Jesus n\u00e3o o instrui pacientemente como fez com Pedro; o mais indefeso dos crist\u00e3os, se o Bom Pastor n\u00e3o&nbsp;<\/p>\n<p><a class=\"btn btn-style\" href=\"http:\/\/portalcatolico.net\/portal\/papa-a-consagrados-encontrar-na-doacao-a-fonte-da-nossa-identidade\/\">Continue Reading<\/a><\/p>\n","protected":false},"author":2,"featured_media":66248,"comment_status":"open","ping_status":"open","sticky":false,"template":"","format":"standard","meta":{"footnotes":""},"categories":[5],"tags":[],"class_list":["post-66247","post","type-post","status-publish","format-standard","has-post-thumbnail","hentry","category-igreja_no_mundo"],"_links":{"self":[{"href":"http:\/\/portalcatolico.net\/portal\/wp-json\/wp\/v2\/posts\/66247","targetHints":{"allow":["GET"]}}],"collection":[{"href":"http:\/\/portalcatolico.net\/portal\/wp-json\/wp\/v2\/posts"}],"about":[{"href":"http:\/\/portalcatolico.net\/portal\/wp-json\/wp\/v2\/types\/post"}],"author":[{"embeddable":true,"href":"http:\/\/portalcatolico.net\/portal\/wp-json\/wp\/v2\/users\/2"}],"replies":[{"embeddable":true,"href":"http:\/\/portalcatolico.net\/portal\/wp-json\/wp\/v2\/comments?post=66247"}],"version-history":[{"count":1,"href":"http:\/\/portalcatolico.net\/portal\/wp-json\/wp\/v2\/posts\/66247\/revisions"}],"predecessor-version":[{"id":66249,"href":"http:\/\/portalcatolico.net\/portal\/wp-json\/wp\/v2\/posts\/66247\/revisions\/66249"}],"wp:featuredmedia":[{"embeddable":true,"href":"http:\/\/portalcatolico.net\/portal\/wp-json\/wp\/v2\/media\/66248"}],"wp:attachment":[{"href":"http:\/\/portalcatolico.net\/portal\/wp-json\/wp\/v2\/media?parent=66247"}],"wp:term":[{"taxonomy":"category","embeddable":true,"href":"http:\/\/portalcatolico.net\/portal\/wp-json\/wp\/v2\/categories?post=66247"},{"taxonomy":"post_tag","embeddable":true,"href":"http:\/\/portalcatolico.net\/portal\/wp-json\/wp\/v2\/tags?post=66247"}],"curies":[{"name":"wp","href":"https:\/\/api.w.org\/{rel}","templated":true}]}}