{"id":66215,"date":"2019-09-02T20:15:19","date_gmt":"2019-09-02T23:15:19","guid":{"rendered":"http:\/\/portalcatolico.net\/portal\/?p=66215"},"modified":"2019-09-02T20:16:39","modified_gmt":"2019-09-02T23:16:39","slug":"mes-da-biblia","status":"publish","type":"post","link":"http:\/\/portalcatolico.net\/portal\/mes-da-biblia\/","title":{"rendered":"M\u00eas da B\u00edblia"},"content":{"rendered":"<p style=\"font-weight: 400;\">A partir do documento DEI VERBUM (palavra de Deus) do Conc\u00edlio Vaticano II, houve enorme valoriza\u00e7\u00e3o da B\u00edblia. O conc\u00edlio pede que a Igreja colocasse a B\u00edblia no centro de sua atua\u00e7\u00e3o pastoral, catequ\u00e9tica, lit\u00fargica. Segundo o documento, a Igreja sempre considerou a Escritura Sagrada &#8220;regra suprema de sua f\u00e9&#8221;. Os fi\u00e9is s\u00e3o convidados a se alimentar da palavra de Deus. Para isso, o conc\u00edlio pede que se fa\u00e7am tradu\u00e7\u00f5es esmeradas, a partir dos originais, nas l\u00ednguas que o povo possa ler e compreender.<\/p>\n<p style=\"font-weight: 400;\">Com o incentivo do Vaticano II e a partir dele, surgiram no Brasil v\u00e1rias tradu\u00e7\u00f5es confi\u00e1veis: umas mais aplicadas para o estudo, outras com linguagem mais acess\u00edvel ao povo. O conc\u00edlio ainda incentiva para que a B\u00edblia volte novamente \u00e0s m\u00e3os do povo. Ela \u00e9 propriedade da comunidade crist\u00e3. De fato aos poucos, a B\u00edblia foi encontrando outra vez seu espa\u00e7o no seio da comunidade. As dioceses e as par\u00f3quias foram convidadas a promover o contato com a Escritura e propor a forma\u00e7\u00e3o para os fi\u00e9is.<\/p>\n<p style=\"font-weight: 400;\">A partir do conc\u00edlio, houve grande movimento em torno da B\u00edblia, isto \u00e9, houve grande despertar para com a B\u00edblia. Come\u00e7am a surgir cursos b\u00edblicos para os leigos, c\u00edrculos b\u00edblicos, semanas b\u00edblicas, nasceu o CEBI (1979), que \u00e9 o estudo popular da B\u00edblia.<\/p>\n<p style=\"font-weight: 400;\">Foi, portanto, desse grande movimento que nasceu tamb\u00e9m o M\u00caS DA B\u00cdBLIA em 1971, em Belo Horizonte, por ocasi\u00e3o dos cinquenta anos da arquidiocese. Aos poucos, vai se espalhando em todas as dioceses do Brasil. A partir de ent\u00e3o, cada ano a CNBB sugere um texto b\u00edblico ou um livro da B\u00edblia para ser estudado durante o m\u00eas.<\/p>\n<p style=\"font-weight: 400;\">Portanto, setembro \u00e9 conhecido, h\u00e1 muitos anos, como M\u00caS DA B\u00cdBLIA. Setembro justamente pelo fato de que no dia 30 a Igreja comemora s\u00e3o Jer\u00f4nimo, grande estudioso da B\u00edblia, que a traduziu para o latim, a chamada VULGATA. Ainda hoje usada como base na liturgia.<\/p>\n<p style=\"font-weight: 400;\">Este ano a CNBB nos prop\u00f5e o estudo do Evangelho de Lucas, o evangelho do ANO C dentro do calend\u00e1rio lit\u00fargico. O tema: &#8220;disc\u00edpulos mission\u00e1rios a partir do evangelho de Lucas&#8221; e o lema: &#8220;alegrai-vos comigo, encontrei o que tinha perdido&#8221; nos colocam no esp\u00edrito do Documento de Aparecida. O Evangelho de Lucas, como o conhecemos hoje, foi redigido pelos anos 80 DC e \u00e9 o terceiro livro em ordem no Novo Testamento.<\/p>\n<p style=\"font-weight: 400;\">Alguns elementos importantes que nos levam a ter uma vis\u00e3o panor\u00e2mica do Evangelho de Lucas: 1) a salva\u00e7\u00e3o universal: todos s\u00e3o chamados \u00e0 salva\u00e7\u00e3o que n\u00e3o pode ser vista apenas como pr\u00eamio do c\u00e9u, mas a realiza\u00e7\u00e3o integral da pessoa aqui e agora; 2) Esp\u00edrito Santo, presen\u00e7a marcante neste evangelho; 3) a miseric\u00f3rdia de Deus para com seu povo, de gera\u00e7\u00e3o em gera\u00e7\u00e3o; 4) mulheres s\u00e3o acolhidas por Jesus e marcam forte presen\u00e7a em Lucas; 5) ora\u00e7\u00e3o: Jesus reza com frequ\u00eancia, ensina a rezar e pede ora\u00e7\u00e3o.<\/p>\n<p><strong>Por Nilo Luza\/<\/strong>Pastoral do D\u00edzimo<\/p>\n<p>Par\u00f3quia Santa Rita de C\u00e1ssia de Itabuna(BA)<\/p>\n","protected":false},"excerpt":{"rendered":"<p>A partir do documento DEI VERBUM (palavra de Deus) do Conc\u00edlio Vaticano II, houve enorme valoriza\u00e7\u00e3o da B\u00edblia. O conc\u00edlio pede que a Igreja colocasse a B\u00edblia no centro de sua atua\u00e7\u00e3o pastoral, catequ\u00e9tica, lit\u00fargica. Segundo o documento, a Igreja sempre considerou a Escritura Sagrada &#8220;regra suprema de sua f\u00e9&#8221;. Os fi\u00e9is s\u00e3o convidados a&nbsp;<\/p>\n<p><a class=\"btn btn-style\" href=\"http:\/\/portalcatolico.net\/portal\/mes-da-biblia\/\">Continue Reading<\/a><\/p>\n","protected":false},"author":2,"featured_media":66216,"comment_status":"open","ping_status":"open","sticky":false,"template":"","format":"standard","meta":{"footnotes":""},"categories":[69],"tags":[],"class_list":["post-66215","post","type-post","status-publish","format-standard","has-post-thumbnail","hentry","category-artigos"],"_links":{"self":[{"href":"http:\/\/portalcatolico.net\/portal\/wp-json\/wp\/v2\/posts\/66215","targetHints":{"allow":["GET"]}}],"collection":[{"href":"http:\/\/portalcatolico.net\/portal\/wp-json\/wp\/v2\/posts"}],"about":[{"href":"http:\/\/portalcatolico.net\/portal\/wp-json\/wp\/v2\/types\/post"}],"author":[{"embeddable":true,"href":"http:\/\/portalcatolico.net\/portal\/wp-json\/wp\/v2\/users\/2"}],"replies":[{"embeddable":true,"href":"http:\/\/portalcatolico.net\/portal\/wp-json\/wp\/v2\/comments?post=66215"}],"version-history":[{"count":2,"href":"http:\/\/portalcatolico.net\/portal\/wp-json\/wp\/v2\/posts\/66215\/revisions"}],"predecessor-version":[{"id":66218,"href":"http:\/\/portalcatolico.net\/portal\/wp-json\/wp\/v2\/posts\/66215\/revisions\/66218"}],"wp:featuredmedia":[{"embeddable":true,"href":"http:\/\/portalcatolico.net\/portal\/wp-json\/wp\/v2\/media\/66216"}],"wp:attachment":[{"href":"http:\/\/portalcatolico.net\/portal\/wp-json\/wp\/v2\/media?parent=66215"}],"wp:term":[{"taxonomy":"category","embeddable":true,"href":"http:\/\/portalcatolico.net\/portal\/wp-json\/wp\/v2\/categories?post=66215"},{"taxonomy":"post_tag","embeddable":true,"href":"http:\/\/portalcatolico.net\/portal\/wp-json\/wp\/v2\/tags?post=66215"}],"curies":[{"name":"wp","href":"https:\/\/api.w.org\/{rel}","templated":true}]}}