{"id":65722,"date":"2019-07-31T20:43:21","date_gmt":"2019-07-31T23:43:21","guid":{"rendered":"http:\/\/portalcatolico.net\/portal\/?p=65722"},"modified":"2019-07-31T20:43:21","modified_gmt":"2019-07-31T23:43:21","slug":"jornada-reuniu-1-400-ministros-extraordinarios-da-sagrada-comunhao-eucaristica-neste-domingo-28","status":"publish","type":"post","link":"http:\/\/portalcatolico.net\/portal\/jornada-reuniu-1-400-ministros-extraordinarios-da-sagrada-comunhao-eucaristica-neste-domingo-28\/","title":{"rendered":"Jornada reuniu 1.400 Ministros Extraordin\u00e1rios da Sagrada Comunh\u00e3o Eucar\u00edstica neste domingo (28)"},"content":{"rendered":"<p>1.400 Ministros Extraordin\u00e1rios participaram, neste domingo (28), da 11a Jornada dos Ministros Extraordin\u00e1rios da Sagrada Comunh\u00e3o Eucar\u00edstica. O encontro, que aconteceu no Col\u00e9gio Ant\u00f4nio Vieira (Garcia), teve in\u00edcio com a Missa presidida pelo Arcebispo de Salvador e Primaz do Brasil, Dom Murilo Krieger.<\/p>\n<p>Durante a homilia, Dom Murilo ressaltou a import\u00e2ncia da miss\u00e3o dos ministros, chamando-os de \u2018amigos de Jesus\u2019. \u201cA miss\u00e3o de voc\u00eas \u00e9 muito importante. Como \u00e9 importante para um doente receber a visita de voc\u00eas como um representante da Igreja. Quando voc\u00ea vai ao doente levando Jesus, voc\u00ea \u00e9 o representante de toda a comunidade e est\u00e1 dizendo para aquele irm\u00e3ozinho ou para aquela irm\u00e3zinha enferma: \u2018voc\u00ea n\u00e3o foi esquecido, voc\u00ea n\u00e3o foi esquecida e Jesus veio ao seu encontro\u2019. A miss\u00e3o de voc\u00eas \u00e9 muito parecida com a miss\u00e3o de Maria: levar Jesus\u201d, afirmou.<\/p>\n<p>Dom Murilo lembrou, ainda, que os ministros n\u00e3o devem levar a Eucaristia com pressa. \u201cFa\u00e7am o servi\u00e7o sem pressa e com amor. Eu sei que muitas vezes s\u00e3o muitos os doentes, mas lembrem-se que aquele doente que voc\u00ea est\u00e1 visitando \u00e9 \u00fanico, e pensem: quantos dias ele vai passar sem uma nova visita?\u201d, disse Dom Murilo.<\/p>\n<p>Logo ap\u00f3s a Missa, os ministros acompanharam a primeira confer\u00eancia do dia, conduzida pelo p\u00e1roco da Par\u00f3quia Santo Amaro de Ipitanga, c\u00f4nego Juraci Gomes. Em seguida, os participantes puderam fazer perguntas, que foram respondidas com muita aten\u00e7\u00e3o e carinho.<\/p>\n<p>No in\u00edcio da tarde a forma\u00e7\u00e3o foi conduzida pelo coordenador da Comiss\u00e3o Arquidiocesana de Liturgia (CAL) e assistente eclesi\u00e1stico dos Ministros Extraordin\u00e1rios da Sagrada Comunh\u00e3o Eucar\u00edstica, padre Anderson Coelho. \u201cO ministro est\u00e1 completamente ligado ao sacramento da Eucaristia e o que ele executa \u00e9 uma adora\u00e7\u00e3o constante, que \u00e9 levar Jesus ao encontro do doente e do necessitado\u201d, disse.<\/p>\n<p>O tema central abordado foi \u201cEucaristia, alimento que nutre e salva\u201d e como lema \u201cEu sou o P\u00e3o vivo descido do c\u00e9u\u201d (Jo 6, 51). \u201cA Jornada \u00e9 de suma import\u00e2ncia para n\u00f3s, ministros. S\u00e3o v\u00e1rios momentos juntos, nos quais a gente se emociona, se forma, se diverte, mant\u00e9m contato. Antes de sermos ministros, somos pessoas e precisamos entender que a Palavra \u00e9 sempre para cada um de n\u00f3s. Ent\u00e3o, eu n\u00e3o posso perder um momento como esse, pois eu sei que ter\u00e1 uma mensagem que Deus reservou para mim\u201d, afirmou a ministra extraordin\u00e1ria, Mariz\u00e9lia Santiago.<\/p>\n<p>A Jornada foi encerrada com a adora\u00e7\u00e3o ao Sant\u00edssimo Sacramento, conduzida pelo p\u00e1roco da Par\u00f3quia Santa Cruz, padre L\u00e1zaro Muniz.<\/p>\n<p>Texto e fotos: Sara Gomes\/Arquidiocese de Salvador(BA)<\/p>\n<p><a href=\"http:\/\/arquidiocesesalvador.org.br\/jornada-reuniu-1-400-ministros-extraordinarios-da-sagrada-comunhao-eucaristica-neste-domingo-28\/\"><strong>Clique aqui e confira o \u00e1lbum de fotos.<\/strong><\/a><\/p>\n","protected":false},"excerpt":{"rendered":"<p>1.400 Ministros Extraordin\u00e1rios participaram, neste domingo (28), da 11a Jornada dos Ministros Extraordin\u00e1rios da Sagrada Comunh\u00e3o Eucar\u00edstica. O encontro, que aconteceu no Col\u00e9gio Ant\u00f4nio Vieira (Garcia), teve in\u00edcio com a Missa presidida pelo Arcebispo de Salvador e Primaz do Brasil, Dom Murilo Krieger. Durante a homilia, Dom Murilo ressaltou a import\u00e2ncia da miss\u00e3o dos ministros,&nbsp;<\/p>\n<p><a class=\"btn btn-style\" href=\"http:\/\/portalcatolico.net\/portal\/jornada-reuniu-1-400-ministros-extraordinarios-da-sagrada-comunhao-eucaristica-neste-domingo-28\/\">Continue Reading<\/a><\/p>\n","protected":false},"author":2,"featured_media":65723,"comment_status":"open","ping_status":"open","sticky":false,"template":"","format":"standard","meta":{"footnotes":""},"categories":[4],"tags":[],"class_list":["post-65722","post","type-post","status-publish","format-standard","has-post-thumbnail","hentry","category-destaques"],"_links":{"self":[{"href":"http:\/\/portalcatolico.net\/portal\/wp-json\/wp\/v2\/posts\/65722","targetHints":{"allow":["GET"]}}],"collection":[{"href":"http:\/\/portalcatolico.net\/portal\/wp-json\/wp\/v2\/posts"}],"about":[{"href":"http:\/\/portalcatolico.net\/portal\/wp-json\/wp\/v2\/types\/post"}],"author":[{"embeddable":true,"href":"http:\/\/portalcatolico.net\/portal\/wp-json\/wp\/v2\/users\/2"}],"replies":[{"embeddable":true,"href":"http:\/\/portalcatolico.net\/portal\/wp-json\/wp\/v2\/comments?post=65722"}],"version-history":[{"count":1,"href":"http:\/\/portalcatolico.net\/portal\/wp-json\/wp\/v2\/posts\/65722\/revisions"}],"predecessor-version":[{"id":65724,"href":"http:\/\/portalcatolico.net\/portal\/wp-json\/wp\/v2\/posts\/65722\/revisions\/65724"}],"wp:featuredmedia":[{"embeddable":true,"href":"http:\/\/portalcatolico.net\/portal\/wp-json\/wp\/v2\/media\/65723"}],"wp:attachment":[{"href":"http:\/\/portalcatolico.net\/portal\/wp-json\/wp\/v2\/media?parent=65722"}],"wp:term":[{"taxonomy":"category","embeddable":true,"href":"http:\/\/portalcatolico.net\/portal\/wp-json\/wp\/v2\/categories?post=65722"},{"taxonomy":"post_tag","embeddable":true,"href":"http:\/\/portalcatolico.net\/portal\/wp-json\/wp\/v2\/tags?post=65722"}],"curies":[{"name":"wp","href":"https:\/\/api.w.org\/{rel}","templated":true}]}}