{"id":65719,"date":"2019-07-31T19:29:31","date_gmt":"2019-07-31T22:29:31","guid":{"rendered":"http:\/\/portalcatolico.net\/portal\/?p=65719"},"modified":"2019-07-31T19:29:31","modified_gmt":"2019-07-31T22:29:31","slug":"santo-inacio-de-loyola-o-jesuita-apaixonado-por-deus","status":"publish","type":"post","link":"http:\/\/portalcatolico.net\/portal\/santo-inacio-de-loyola-o-jesuita-apaixonado-por-deus\/","title":{"rendered":"Santo In\u00e1cio de Loyola: o jesu\u00edta apaixonado por Deus"},"content":{"rendered":"<div class=\"article__subTitle\">Na celebra\u00e7\u00e3o da mem\u00f3ria do fundador da Companhia de Jesus, recordaremos a figura de Santo In\u00e1cio, o seu carisma e a grande atualidade dos Exerc\u00edcios Espirituais.<\/div>\n<div class=\"article__text\">\n<p>\u201cComo Santo In\u00e1cio de Loyola, coloquemo-nos ao servi\u00e7o do pr\u00f3ximo\u201d, esta \u00e9 a ess\u00eancia da mensagem que Papa Francisco, o primeiro Pont\u00edfice jesu\u00edta, escreveu no seu twitter, um ano atr\u00e1s. O fundador da Companhia de Jesus era um homem que, antes do encontro com Jesus, amava o poder e a mundanidade, mas depois, com dedica\u00e7\u00e3o, estudo e ouvindo a Palavra de Deus entregou-se \u00e0 sua vontade.<\/p>\n<p><strong>Obedi\u00eancia, liberdade do cora\u00e7\u00e3o<\/strong><\/p>\n<p>Em Roma, na Igreja de Jesus, onde se encontra o t\u00famulo de Santo In\u00e1cio, o padre Jean Paul Hernandez o descreve como \u201cum homem que d\u00e1 prefer\u00eancia ao processo e a din\u00e2mica\u201d, \u201cem sa\u00edda\u201d como Papa Francisco gosta de afirmar. \u201cO centro do carisma do jesu\u00edta \u2013 afirma \u2013 \u00e9 a obedi\u00eancia que \u00e9 a liberdade do cora\u00e7\u00e3o. O jesu\u00edta \u00e9 um homem entregue a Deus que aplica um estilo: analisa a realidade na qual se encontra, aprofunda-a, reza e faz o discernimento\u201d. Neste processo s\u00e3o fundamentais os Exerc\u00edcios Espirituais, codificados na metade do s\u00e9culo XVI, ainda hoje de grande atualidade. \u201cPraticado n\u00e3o s\u00f3 pelos religiosos \u2013 explica padre Hernandez \u2013 mas tamb\u00e9m pelos leigos que se inspiram na espiritualidade inaciana e pelos irm\u00e3os ortodoxos\u201d.<\/p>\n<p><b>Estilo jesu\u00edta<\/b><\/p>\n<p>\u201cO estilo do jesu\u00edta faz com que cada um se especialize no \u00e2mbito ao qual \u00e9 chamado \u2013 acrescenta o religioso \u2013 por isso nos dedicamos \u00e0 nova evangeliza\u00e7\u00e3o, aos desafios do saber atual, mas tamb\u00e9m aos migrantes que representam a emerg\u00eancia dos nossos tempos\u201d.<\/p>\n<p>O Centro Astalli (Servi\u00e7o dos Jesu\u00edtas para os Refugiados) que se encontra pr\u00f3ximo da Igreja de Jesus em Roma, \u00e9 uma das muitas respostas colocadas em campo pelos jesu\u00edtas, cerca de 17 mil presen\u00e7as em 100 na\u00e7\u00f5es do mundo.<\/p>\n<p><b>Santo In\u00e1cio<\/b><\/p>\n<p>Nasceu em Azpeitia, regi\u00e3o basca ao norte da Espanha, em 1491 e faleceu em Roma em 1556. Ca\u00e7ula de 13 irm\u00e3os, era destinado \u00e0 vida sacerdotal, mas o seu desejo era a carreira militar. Foi a Castilha onde recebeu esmerada forma\u00e7\u00e3o tornando-se ex\u00edmio cavaleiro na corte do ministro do rei Fernando II de Arag\u00e3o, o Cat\u00f3lico. Ferido em batalha em 1520, foi obrigado a uma longa convalesc\u00eancia no Castelo de Loyola, como n\u00e3o havia livros de Cavalarias \u2013 seus preferidos \u2013 In\u00e1cio come\u00e7ou a ler, com relut\u00e2ncia, textos religiosos que o fizeram encontrar Deus.<\/p>\n<p>Um momento que mudou a sua vida, levando-o mais tarde a fundar a Companhia de Jesus aprovada pelo Papa Paulo III em 1538. Por obedi\u00eancia ao Pont\u00edfice, In\u00e1cio permaneceu em Roma para coordenar as atividades da Companhia e para se dedicar aos pobres, aos \u00f3rf\u00e3os e os doentes, a ponto de ser chamado de \u201cap\u00f3stolo de Roma\u201d. Seus restos mortais est\u00e3o conservados na Igreja de Jesus.<\/p>\n<p>Por: Vatican News<\/p>\n<\/div>\n","protected":false},"excerpt":{"rendered":"<p>Na celebra\u00e7\u00e3o da mem\u00f3ria do fundador da Companhia de Jesus, recordaremos a figura de Santo In\u00e1cio, o seu carisma e a grande atualidade dos Exerc\u00edcios Espirituais. \u201cComo Santo In\u00e1cio de Loyola, coloquemo-nos ao servi\u00e7o do pr\u00f3ximo\u201d, esta \u00e9 a ess\u00eancia da mensagem que Papa Francisco, o primeiro Pont\u00edfice jesu\u00edta, escreveu no seu twitter, um ano&nbsp;<\/p>\n<p><a class=\"btn btn-style\" href=\"http:\/\/portalcatolico.net\/portal\/santo-inacio-de-loyola-o-jesuita-apaixonado-por-deus\/\">Continue Reading<\/a><\/p>\n","protected":false},"author":2,"featured_media":65720,"comment_status":"open","ping_status":"open","sticky":false,"template":"","format":"standard","meta":{"footnotes":""},"categories":[5],"tags":[],"class_list":["post-65719","post","type-post","status-publish","format-standard","has-post-thumbnail","hentry","category-igreja_no_mundo"],"_links":{"self":[{"href":"http:\/\/portalcatolico.net\/portal\/wp-json\/wp\/v2\/posts\/65719","targetHints":{"allow":["GET"]}}],"collection":[{"href":"http:\/\/portalcatolico.net\/portal\/wp-json\/wp\/v2\/posts"}],"about":[{"href":"http:\/\/portalcatolico.net\/portal\/wp-json\/wp\/v2\/types\/post"}],"author":[{"embeddable":true,"href":"http:\/\/portalcatolico.net\/portal\/wp-json\/wp\/v2\/users\/2"}],"replies":[{"embeddable":true,"href":"http:\/\/portalcatolico.net\/portal\/wp-json\/wp\/v2\/comments?post=65719"}],"version-history":[{"count":1,"href":"http:\/\/portalcatolico.net\/portal\/wp-json\/wp\/v2\/posts\/65719\/revisions"}],"predecessor-version":[{"id":65721,"href":"http:\/\/portalcatolico.net\/portal\/wp-json\/wp\/v2\/posts\/65719\/revisions\/65721"}],"wp:featuredmedia":[{"embeddable":true,"href":"http:\/\/portalcatolico.net\/portal\/wp-json\/wp\/v2\/media\/65720"}],"wp:attachment":[{"href":"http:\/\/portalcatolico.net\/portal\/wp-json\/wp\/v2\/media?parent=65719"}],"wp:term":[{"taxonomy":"category","embeddable":true,"href":"http:\/\/portalcatolico.net\/portal\/wp-json\/wp\/v2\/categories?post=65719"},{"taxonomy":"post_tag","embeddable":true,"href":"http:\/\/portalcatolico.net\/portal\/wp-json\/wp\/v2\/tags?post=65719"}],"curies":[{"name":"wp","href":"https:\/\/api.w.org\/{rel}","templated":true}]}}