{"id":65716,"date":"2019-08-01T00:24:31","date_gmt":"2019-08-01T03:24:31","guid":{"rendered":"http:\/\/portalcatolico.net\/portal\/?p=65716"},"modified":"2019-07-31T20:44:21","modified_gmt":"2019-07-31T23:44:21","slug":"mes-vocacional-tempo-especial-de-reflexao-e-oracao-pelas-vocacoes-e-ministerios","status":"publish","type":"post","link":"http:\/\/portalcatolico.net\/portal\/mes-vocacional-tempo-especial-de-reflexao-e-oracao-pelas-vocacoes-e-ministerios\/","title":{"rendered":"M\u00eas Vocacional, tempo especial de reflex\u00e3o e ora\u00e7\u00e3o pelas voca\u00e7\u00f5es e minist\u00e9rios"},"content":{"rendered":"<p>Na caminhada vocacional, alguns eventos foram determinantes para a constru\u00e7\u00e3o da identidade que, hoje, caracteriza o servi\u00e7o de anima\u00e7\u00e3o vocacional na Igreja do Brasil. O m\u00eas vocacional \u00e9 um desses exemplos. Assumido em \u00e2mbito nacional, em 1981, por dioceses e regionais da Confer\u00eancia Nacional dos Bispos do Brasil (CNBB), seu intuito \u00e9 ser um tempo especial de reflex\u00e3o e ora\u00e7\u00e3o pelas voca\u00e7\u00f5es e minist\u00e9rios.<\/p>\n<p>Este ano, em espec\u00edfico, a inspira\u00e7\u00e3o principal do m\u00eas vocacional est\u00e1 em sintonia com o 4\u00ba Congresso Vocacional do Brasil que tem como tema \u201cVoca\u00e7\u00e3o e Discernimento\u201d e ser\u00e1 realizado de 05 a 08 de setembro, no Centro de Eventos do Santu\u00e1rio Nacional Nossa Senhora de Aparecida, em Aparecida (SP).&nbsp;\u201cO assunto \u00e9 o discernimento, quer dizer, saber perceber, dar-se conta e responder ent\u00e3o ao chamado que cada um faz de n\u00f3s\u201d, afirma o presidente da Comiss\u00e3o para os Minist\u00e9rios Ordenados e a Vida Consagrada, dom Jo\u00e3o Francisco Salm.<\/p>\n<p>Hoje cada domingo do m\u00eas de agosto \u00e9 dedicado \u00e0 celebra\u00e7\u00e3o de uma determinada voca\u00e7\u00e3o. Dom Francisco Salm salienta que como membros da Igreja, filhos e filhas de Deus todas as pessoas t\u00eam chamados particulares para o servi\u00e7o e para uma presen\u00e7a espec\u00edfica na Igreja e no mundo. \u201cO dom e a capacidade de amar \u00e9 uma coisa muito grande em nossa vida\u201d, comenta.<\/p>\n<p>No primeiro domingo do m\u00eas, 04 de julho, celebra-se a voca\u00e7\u00e3o para o minist\u00e9rio ordenado: di\u00e1conos, padres e bispos; no segundo, a voca\u00e7\u00e3o para a vida e a fam\u00edlia (aten\u00e7\u00e3o especial aos pais); no terceiro, a voca\u00e7\u00e3o para a vida consagrada: religiosos e consagrados seculares, e por fim, no quarto, a voca\u00e7\u00e3o para os minist\u00e9rios servi\u00e7os na comunidade.<\/p>\n<p>Neste contexto, o portal da CNBB divulga com exclusividade a partir desta semana algumas entrevistas sobre o m\u00eas vocacional. A primeira delas \u00e9 com o dom Jo\u00e3o Francisco Salm:<\/p>\n<p><iframe loading=\"lazy\"  id=\"_ytid_79787\"  width=\"480\" height=\"270\"  data-origwidth=\"480\" data-origheight=\"270\" src=\"https:\/\/www.youtube.com\/embed\/mxuAE0ajjaU?enablejsapi=1&#038;autoplay=0&#038;cc_load_policy=0&#038;cc_lang_pref=&#038;iv_load_policy=1&#038;loop=0&#038;rel=1&#038;fs=1&#038;playsinline=0&#038;autohide=2&#038;theme=dark&#038;color=red&#038;controls=1&#038;disablekb=0&#038;\" class=\"__youtube_prefs__  epyt-is-override  no-lazyload\" title=\"YouTube player\"  allow=\"fullscreen; accelerometer; autoplay; clipboard-write; encrypted-media; gyroscope; picture-in-picture; web-share\" referrerpolicy=\"strict-origin-when-cross-origin\" allowfullscreen data-no-lazy=\"1\" data-skipgform_ajax_framebjll=\"\"><\/iframe><\/p>\n<p>Com informa\u00e7\u00f5es do site oficial da CNBB<\/p>\n","protected":false},"excerpt":{"rendered":"<p>Na caminhada vocacional, alguns eventos foram determinantes para a constru\u00e7\u00e3o da identidade que, hoje, caracteriza o servi\u00e7o de anima\u00e7\u00e3o vocacional na Igreja do Brasil. O m\u00eas vocacional \u00e9 um desses exemplos. Assumido em \u00e2mbito nacional, em 1981, por dioceses e regionais da Confer\u00eancia Nacional dos Bispos do Brasil (CNBB), seu intuito \u00e9 ser um tempo&nbsp;<\/p>\n<p><a class=\"btn btn-style\" href=\"http:\/\/portalcatolico.net\/portal\/mes-vocacional-tempo-especial-de-reflexao-e-oracao-pelas-vocacoes-e-ministerios\/\">Continue Reading<\/a><\/p>\n","protected":false},"author":2,"featured_media":65717,"comment_status":"open","ping_status":"open","sticky":false,"template":"","format":"standard","meta":{"footnotes":""},"categories":[4],"tags":[],"class_list":["post-65716","post","type-post","status-publish","format-standard","has-post-thumbnail","hentry","category-destaques"],"_links":{"self":[{"href":"http:\/\/portalcatolico.net\/portal\/wp-json\/wp\/v2\/posts\/65716","targetHints":{"allow":["GET"]}}],"collection":[{"href":"http:\/\/portalcatolico.net\/portal\/wp-json\/wp\/v2\/posts"}],"about":[{"href":"http:\/\/portalcatolico.net\/portal\/wp-json\/wp\/v2\/types\/post"}],"author":[{"embeddable":true,"href":"http:\/\/portalcatolico.net\/portal\/wp-json\/wp\/v2\/users\/2"}],"replies":[{"embeddable":true,"href":"http:\/\/portalcatolico.net\/portal\/wp-json\/wp\/v2\/comments?post=65716"}],"version-history":[{"count":1,"href":"http:\/\/portalcatolico.net\/portal\/wp-json\/wp\/v2\/posts\/65716\/revisions"}],"predecessor-version":[{"id":65718,"href":"http:\/\/portalcatolico.net\/portal\/wp-json\/wp\/v2\/posts\/65716\/revisions\/65718"}],"wp:featuredmedia":[{"embeddable":true,"href":"http:\/\/portalcatolico.net\/portal\/wp-json\/wp\/v2\/media\/65717"}],"wp:attachment":[{"href":"http:\/\/portalcatolico.net\/portal\/wp-json\/wp\/v2\/media?parent=65716"}],"wp:term":[{"taxonomy":"category","embeddable":true,"href":"http:\/\/portalcatolico.net\/portal\/wp-json\/wp\/v2\/categories?post=65716"},{"taxonomy":"post_tag","embeddable":true,"href":"http:\/\/portalcatolico.net\/portal\/wp-json\/wp\/v2\/tags?post=65716"}],"curies":[{"name":"wp","href":"https:\/\/api.w.org\/{rel}","templated":true}]}}