{"id":65684,"date":"2019-07-30T06:08:37","date_gmt":"2019-07-30T09:08:37","guid":{"rendered":"http:\/\/portalcatolico.net\/portal\/?p=65684"},"modified":"2019-07-30T06:12:54","modified_gmt":"2019-07-30T09:12:54","slug":"vem-ai-o-anuncio-vocacional-em-itabuna-participe","status":"publish","type":"post","link":"http:\/\/portalcatolico.net\/portal\/vem-ai-o-anuncio-vocacional-em-itabuna-participe\/","title":{"rendered":"Vem a\u00ed o An\u00fancio Vocacional em Itabuna. Participe!"},"content":{"rendered":"<p>A Pastoral Vocacional e a Diocese de Itabuna preparam para o dia 04 de agosto, &#8220;O&nbsp;an\u00fancio vocacional&#8221;, que ser\u00e1 realizado no Col\u00e9gio A\u00e7\u00e3o Fraternal de&nbsp;Itabuna (AFI), situado na Avenida Am\u00e9lia Amado, no centro da cidade. Com o tema:&#8221;Mostra-se,Senhor, os teus Caminhos&#8221;.<\/p>\n<p>O evento ter\u00e1&nbsp;in\u00edcio \u00e0s 7h30 com a proposta de rezar sempre pelas voca\u00e7\u00f5es,&nbsp;especialmente a sacerdotal e a religiosa consagrada, n\u00e3o descuidando de&nbsp;pedir pela voca\u00e7\u00e3o familiar, que \u00e9 a base de todas as voca\u00e7\u00f5es.<\/p>\n<p>O m\u00eas de&nbsp;agosto \u00e9 m\u00eas das voca\u00e7\u00f5es e a Pastoral Vocacional, para construir uma&nbsp;cultura vocacional a partir de gestos concretos, como a ora\u00e7\u00e3o pelas&nbsp;voca\u00e7\u00f5es em todas as comunidades, par\u00f3quias e dioceses do Brasil, al\u00e9m&nbsp;de se buscar despertar, em cada jovem, uma consci\u00eancia de que todo&nbsp;crist\u00e3o \u00e9 um vocacionado, \u00e9 chamado a unir-se a Cristo, em Sua miss\u00e3o de&nbsp;amar e servir.<\/p>\n<p>Rezemos para que o Senhor continue a enviar oper\u00e1rios para vossa messe.Ora\u00e7\u00e3o Vocacional<br \/>\n&#8220;Senhor da messe e pastor do rebanho, faz ressoar em nossos ouvidos teu&nbsp;forte e suave convite: &#8220;Vem e segue-me&#8221;! Derrama sobre n\u00f3s o teu&nbsp;Esp\u00edrito, que Ele nos d\u00ea sabedoria para ver o caminho e generosidade&nbsp;para seguir tua voz. Senhor, que a messe n\u00e3o se perca por falta de&nbsp;oper\u00e1rios. Desperta nossas comunidades para a miss\u00e3o. Ensina nossa vida&nbsp;a ser servi\u00e7o. Fortalece os que querem dedicar-se ao Reino, na vida&nbsp;consagrada e religiosa. Senhor, que o rebanho n\u00e3o pere\u00e7a por falta de&nbsp;pastores. Sustenta a fidelidade de nossos bispos, padres e ministros. D\u00e1&nbsp;perseveran\u00e7a a nossos seminaristas. Desperta o cora\u00e7\u00e3o de nossos jovens&nbsp;para o minist\u00e9rio pastoral em tua Igreja. Senhor da messe e pastor do&nbsp;rebanho, chama-nos para o servi\u00e7o de teu povo. Maria, M\u00e3e da Igreja,&nbsp;modelo dos servidores do Evangelho, ajuda-nos a responder SIM. Am\u00e9m.<\/p>\n<p>Procure a secretaria da sua par\u00f3quia e fa\u00e7a sua inscri\u00e7\u00e3o!<\/p>\n","protected":false},"excerpt":{"rendered":"<p>A Pastoral Vocacional e a Diocese de Itabuna preparam para o dia 04 de agosto, &#8220;O&nbsp;an\u00fancio vocacional&#8221;, que ser\u00e1 realizado no Col\u00e9gio A\u00e7\u00e3o Fraternal de&nbsp;Itabuna (AFI), situado na Avenida Am\u00e9lia Amado, no centro da cidade. Com o tema:&#8221;Mostra-se,Senhor, os teus Caminhos&#8221;. O evento ter\u00e1&nbsp;in\u00edcio \u00e0s 7h30 com a proposta de rezar sempre pelas voca\u00e7\u00f5es,&nbsp;especialmente a&nbsp;<\/p>\n<p><a class=\"btn btn-style\" href=\"http:\/\/portalcatolico.net\/portal\/vem-ai-o-anuncio-vocacional-em-itabuna-participe\/\">Continue Reading<\/a><\/p>\n","protected":false},"author":2,"featured_media":65685,"comment_status":"open","ping_status":"open","sticky":false,"template":"","format":"standard","meta":{"footnotes":""},"categories":[1],"tags":[],"class_list":["post-65684","post","type-post","status-publish","format-standard","has-post-thumbnail","hentry","category-agenda"],"_links":{"self":[{"href":"http:\/\/portalcatolico.net\/portal\/wp-json\/wp\/v2\/posts\/65684","targetHints":{"allow":["GET"]}}],"collection":[{"href":"http:\/\/portalcatolico.net\/portal\/wp-json\/wp\/v2\/posts"}],"about":[{"href":"http:\/\/portalcatolico.net\/portal\/wp-json\/wp\/v2\/types\/post"}],"author":[{"embeddable":true,"href":"http:\/\/portalcatolico.net\/portal\/wp-json\/wp\/v2\/users\/2"}],"replies":[{"embeddable":true,"href":"http:\/\/portalcatolico.net\/portal\/wp-json\/wp\/v2\/comments?post=65684"}],"version-history":[{"count":3,"href":"http:\/\/portalcatolico.net\/portal\/wp-json\/wp\/v2\/posts\/65684\/revisions"}],"predecessor-version":[{"id":65688,"href":"http:\/\/portalcatolico.net\/portal\/wp-json\/wp\/v2\/posts\/65684\/revisions\/65688"}],"wp:featuredmedia":[{"embeddable":true,"href":"http:\/\/portalcatolico.net\/portal\/wp-json\/wp\/v2\/media\/65685"}],"wp:attachment":[{"href":"http:\/\/portalcatolico.net\/portal\/wp-json\/wp\/v2\/media?parent=65684"}],"wp:term":[{"taxonomy":"category","embeddable":true,"href":"http:\/\/portalcatolico.net\/portal\/wp-json\/wp\/v2\/categories?post=65684"},{"taxonomy":"post_tag","embeddable":true,"href":"http:\/\/portalcatolico.net\/portal\/wp-json\/wp\/v2\/tags?post=65684"}],"curies":[{"name":"wp","href":"https:\/\/api.w.org\/{rel}","templated":true}]}}