{"id":65682,"date":"2019-07-30T06:04:15","date_gmt":"2019-07-30T09:04:15","guid":{"rendered":"http:\/\/portalcatolico.net\/portal\/?p=65682"},"modified":"2019-07-30T06:04:15","modified_gmt":"2019-07-30T09:04:15","slug":"aviso-do-padre-tony-valerio-confira","status":"publish","type":"post","link":"http:\/\/portalcatolico.net\/portal\/aviso-do-padre-tony-valerio-confira\/","title":{"rendered":"Aviso do Padre Tony Val\u00e9rio. Confira!"},"content":{"rendered":"<div dir=\"auto\">O Pe.Tony Val\u00e9rio, p\u00e1roco da Par\u00f3quia Santa Maria Madalena, situada no bairro Nova Itabuna, em Itabuna (BA), avisa que&nbsp;no domingo, dia 04 de agosto, n\u00e3o&nbsp; haver\u00e1 missa na parte da manh\u00e3 na par\u00f3quia,. A missa vai acontecer apenas \u00e0 noite, \u00e0s 19h, pois os jovens e os adultos ir\u00e3o receber o sacramento da Crista das m\u00e3os do&nbsp; bispo diocesano, dom Carlos Alberto dos Santos.&nbsp;<\/div>\n<div dir=\"auto\">Participe da celebra\u00e7\u00e3o!<\/div>\n<div dir=\"auto\">&nbsp;<\/div>\n<div dir=\"auto\">Foto:Divulga\u00e7\u00e3o<\/div>\n","protected":false},"excerpt":{"rendered":"<p>O Pe.Tony Val\u00e9rio, p\u00e1roco da Par\u00f3quia Santa Maria Madalena, situada no bairro Nova Itabuna, em Itabuna (BA), avisa que&nbsp;no domingo, dia 04 de agosto, n\u00e3o&nbsp; haver\u00e1 missa na parte da manh\u00e3 na par\u00f3quia,. A missa vai acontecer apenas \u00e0 noite, \u00e0s 19h, pois os jovens e os adultos ir\u00e3o receber o sacramento da Crista das&nbsp;<\/p>\n<p><a class=\"btn btn-style\" href=\"http:\/\/portalcatolico.net\/portal\/aviso-do-padre-tony-valerio-confira\/\">Continue Reading<\/a><\/p>\n","protected":false},"author":2,"featured_media":35104,"comment_status":"open","ping_status":"open","sticky":false,"template":"","format":"standard","meta":{"footnotes":""},"categories":[2],"tags":[],"class_list":["post-65682","post","type-post","status-publish","format-standard","has-post-thumbnail","hentry","category-eventos"],"_links":{"self":[{"href":"http:\/\/portalcatolico.net\/portal\/wp-json\/wp\/v2\/posts\/65682","targetHints":{"allow":["GET"]}}],"collection":[{"href":"http:\/\/portalcatolico.net\/portal\/wp-json\/wp\/v2\/posts"}],"about":[{"href":"http:\/\/portalcatolico.net\/portal\/wp-json\/wp\/v2\/types\/post"}],"author":[{"embeddable":true,"href":"http:\/\/portalcatolico.net\/portal\/wp-json\/wp\/v2\/users\/2"}],"replies":[{"embeddable":true,"href":"http:\/\/portalcatolico.net\/portal\/wp-json\/wp\/v2\/comments?post=65682"}],"version-history":[{"count":1,"href":"http:\/\/portalcatolico.net\/portal\/wp-json\/wp\/v2\/posts\/65682\/revisions"}],"predecessor-version":[{"id":65683,"href":"http:\/\/portalcatolico.net\/portal\/wp-json\/wp\/v2\/posts\/65682\/revisions\/65683"}],"wp:featuredmedia":[{"embeddable":true,"href":"http:\/\/portalcatolico.net\/portal\/wp-json\/wp\/v2\/media\/35104"}],"wp:attachment":[{"href":"http:\/\/portalcatolico.net\/portal\/wp-json\/wp\/v2\/media?parent=65682"}],"wp:term":[{"taxonomy":"category","embeddable":true,"href":"http:\/\/portalcatolico.net\/portal\/wp-json\/wp\/v2\/categories?post=65682"},{"taxonomy":"post_tag","embeddable":true,"href":"http:\/\/portalcatolico.net\/portal\/wp-json\/wp\/v2\/tags?post=65682"}],"curies":[{"name":"wp","href":"https:\/\/api.w.org\/{rel}","templated":true}]}}