{"id":65631,"date":"2019-07-26T16:48:26","date_gmt":"2019-07-26T19:48:26","guid":{"rendered":"http:\/\/portalcatolico.net\/portal\/?p=65631"},"modified":"2019-07-27T16:50:45","modified_gmt":"2019-07-27T19:50:45","slug":"nordestao-de-catequese-comeca-nesta-sexta-26","status":"publish","type":"post","link":"http:\/\/portalcatolico.net\/portal\/nordestao-de-catequese-comeca-nesta-sexta-26\/","title":{"rendered":"Nordest\u00e3o de Catequese come\u00e7a nesta sexta, 26"},"content":{"rendered":"<p>Uma celebra\u00e7\u00e3o eucar\u00edstica, \u00e0s 19h30 desta sexta-feira (26), vai abrir oficialmente a terceira edi\u00e7\u00e3o do Nordest\u00e3o de Catequese, no Semin\u00e1rio Maior Nossa Senhora da Concei\u00e7\u00e3o, em Aracaju \u2013 SE. O evento se estende at\u00e9 domingo (28), reunindo catequistas dos cinco regionais da CNBB, distribu\u00eddos pelos 9 estados do Nordeste. O tema geral \u00e9 \u201cDo querigma \u00e0 mistagogia: desafios e possibilidades para a Inicia\u00e7\u00e3o \u00e0 Vida Crist\u00e3 na atualidade\u201d, e o lema: \u201cD\u00e1-me de beber\u201d (Jo 4,7). O tema ser\u00e1 aprofundado por Dom Leomar Brustolin, bispo auxiliar da Arquidiocese de Porto Alegre-RS.<\/p>\n<p>Da Diocese de Parna\u00edba, participam do Encontro o bispo diocesano, Dom Juarez Sousa; Pe. \u00c9zio Rodrigues, assessor diocesano da Catequese; Iraceli Oliveira e Franciel Linhares, da Par\u00f3quia Nossa Senhora do Carmo \u2013 Piracuruca; Daniele Lopes, da Par\u00f3quia Nossa Senhora de F\u00e1tima \u2013 Parna\u00edba e Socorro Gomes, da Par\u00f3quia Santa Doroteia \u2013 Joaquim Pires.<\/p>\n<p>Com informa\u00e7\u00f5es da Arquidiocese de Aracaju (SE) e Daniele Lopes \u2013 Diocese de Parna\u00edba.<\/p>\n","protected":false},"excerpt":{"rendered":"<p>Uma celebra\u00e7\u00e3o eucar\u00edstica, \u00e0s 19h30 desta sexta-feira (26), vai abrir oficialmente a terceira edi\u00e7\u00e3o do Nordest\u00e3o de Catequese, no Semin\u00e1rio Maior Nossa Senhora da Concei\u00e7\u00e3o, em Aracaju \u2013 SE. O evento se estende at\u00e9 domingo (28), reunindo catequistas dos cinco regionais da CNBB, distribu\u00eddos pelos 9 estados do Nordeste. O tema geral \u00e9 \u201cDo querigma&nbsp;<\/p>\n<p><a class=\"btn btn-style\" href=\"http:\/\/portalcatolico.net\/portal\/nordestao-de-catequese-comeca-nesta-sexta-26\/\">Continue Reading<\/a><\/p>\n","protected":false},"author":2,"featured_media":65632,"comment_status":"open","ping_status":"open","sticky":false,"template":"","format":"standard","meta":{"footnotes":""},"categories":[1],"tags":[],"class_list":["post-65631","post","type-post","status-publish","format-standard","has-post-thumbnail","hentry","category-agenda"],"_links":{"self":[{"href":"http:\/\/portalcatolico.net\/portal\/wp-json\/wp\/v2\/posts\/65631","targetHints":{"allow":["GET"]}}],"collection":[{"href":"http:\/\/portalcatolico.net\/portal\/wp-json\/wp\/v2\/posts"}],"about":[{"href":"http:\/\/portalcatolico.net\/portal\/wp-json\/wp\/v2\/types\/post"}],"author":[{"embeddable":true,"href":"http:\/\/portalcatolico.net\/portal\/wp-json\/wp\/v2\/users\/2"}],"replies":[{"embeddable":true,"href":"http:\/\/portalcatolico.net\/portal\/wp-json\/wp\/v2\/comments?post=65631"}],"version-history":[{"count":1,"href":"http:\/\/portalcatolico.net\/portal\/wp-json\/wp\/v2\/posts\/65631\/revisions"}],"predecessor-version":[{"id":65633,"href":"http:\/\/portalcatolico.net\/portal\/wp-json\/wp\/v2\/posts\/65631\/revisions\/65633"}],"wp:featuredmedia":[{"embeddable":true,"href":"http:\/\/portalcatolico.net\/portal\/wp-json\/wp\/v2\/media\/65632"}],"wp:attachment":[{"href":"http:\/\/portalcatolico.net\/portal\/wp-json\/wp\/v2\/media?parent=65631"}],"wp:term":[{"taxonomy":"category","embeddable":true,"href":"http:\/\/portalcatolico.net\/portal\/wp-json\/wp\/v2\/categories?post=65631"},{"taxonomy":"post_tag","embeddable":true,"href":"http:\/\/portalcatolico.net\/portal\/wp-json\/wp\/v2\/tags?post=65631"}],"curies":[{"name":"wp","href":"https:\/\/api.w.org\/{rel}","templated":true}]}}