{"id":65620,"date":"2019-07-26T13:44:59","date_gmt":"2019-07-26T16:44:59","guid":{"rendered":"http:\/\/portalcatolico.net\/portal\/?p=65620"},"modified":"2019-07-26T21:45:37","modified_gmt":"2019-07-27T00:45:37","slug":"diacono-permanente-da-diocese-de-itabuna-celebra-aniversario","status":"publish","type":"post","link":"http:\/\/portalcatolico.net\/portal\/diacono-permanente-da-diocese-de-itabuna-celebra-aniversario\/","title":{"rendered":"Di\u00e1cono permanente da Diocese de Itabuna celebra anivers\u00e1rio!"},"content":{"rendered":"<p><img loading=\"lazy\" decoding=\"async\" class=\"wp-image-65622 aligncenter\" src=\"http:\/\/portalcatolico.net\/portal\/wp-content\/uploads\/2019\/07\/sem-t\u00edtulo-303-300x200.jpg\" alt=\"\" width=\"734\" height=\"489\" srcset=\"http:\/\/portalcatolico.net\/portal\/wp-content\/uploads\/2019\/07\/sem-t\u00edtulo-303-300x200.jpg 300w, http:\/\/portalcatolico.net\/portal\/wp-content\/uploads\/2019\/07\/sem-t\u00edtulo-303-768x512.jpg 768w, http:\/\/portalcatolico.net\/portal\/wp-content\/uploads\/2019\/07\/sem-t\u00edtulo-303-1024x682.jpg 1024w, http:\/\/portalcatolico.net\/portal\/wp-content\/uploads\/2019\/07\/sem-t\u00edtulo-303.jpg 2000w\" sizes=\"auto, (max-width: 734px) 100vw, 734px\" \/>A par\u00f3quia Nossa Senhora da Concei\u00e7\u00e3o, situada no bairro Ferradas em&nbsp;Itabuna, no sul da Bahia, celebrou nesta quinta-feira, 25 de julho \u00e1s&nbsp;19h,uma missa em a\u00e7\u00e3o de gra\u00e7as pelo dom da vida de Ailton Matos, que \u00e9 di\u00e1cono permanente na diocese de&nbsp;Itabuna.<\/p>\n<p>A celebra\u00e7\u00e3o Eucar\u00edstica teve a presid\u00eancia do bispo da Diocese&nbsp;de Itabuna, Dom Carlos Alberto dos Santos e concelebra\u00e7\u00e3o do Pe. Jos\u00e9 Roberto, do Pe. Mois\u00e9s de Sousa e de alguns di\u00e1conos permanentes da&nbsp;diocese.<\/p>\n<p>Na homilia, Dom Carlos disse: &#8220;N\u00f3s nos alegramos porque algu\u00e9m est\u00e1 com vida e celebrando a vida. E n\u00f3s nos encontramos aqui, justamente para isso, para agradecermos a Deus, pela vida do Ailton!&#8221;.<\/p>\n<p>Ao final da Santa Eucaristia, amigos e familiares se confraternizaram em&nbsp;Coffee break em uma casa de eventos no centro da cidade.<br \/>\nVale ressaltar que o Diaconato \u00e9 o primeiro grau do Sacramento da Ordem. Os outros dois&nbsp;graus s\u00e3o o presbiterato e o episcopado; desta maneira, di\u00e1conos,&nbsp;presb\u00edteros e bispos comp\u00f5em a hierarquia da Igreja cat\u00f3lica Apost\u00f3lica&nbsp;Romana.<br \/>\nPara os di\u00e1conos, as m\u00e3os lhes s\u00e3o impostas para o minist\u00e9rio e n\u00e3o para&nbsp;o sacerd\u00f3cio. Com a ordena\u00e7\u00e3o o Di\u00e1cono deixa sua condi\u00e7\u00e3o de leigo e&nbsp;passa a fazer parte do clero. Esse Sacramento imprime car\u00e1ter, que o faz&nbsp;Di\u00e1cono por toda a eternidade.<\/p>\n<p>A equipe do Portal Cat\u00f3lico parabeniza A\u00edlton por esta data t\u00e3o especial e deseja-lhe que Nossa&nbsp;Senhora o cubra com o seu manto sagrado.<\/p>\n<p>Confira em nossa p\u00e1gina oficial no Facebook, o \u00e1lbum das fotos deste&nbsp;evento:<br \/>\n<a href=\"http:\/\/www.facebook.com\/portalcatolicooficial\" target=\"_blank\" rel=\"noopener noreferrer\">www.facebook.com\/portalcatolicooficial<\/a><\/p>\n","protected":false},"excerpt":{"rendered":"<p>A par\u00f3quia Nossa Senhora da Concei\u00e7\u00e3o, situada no bairro Ferradas em&nbsp;Itabuna, no sul da Bahia, celebrou nesta quinta-feira, 25 de julho \u00e1s&nbsp;19h,uma missa em a\u00e7\u00e3o de gra\u00e7as pelo dom da vida de Ailton Matos, que \u00e9 di\u00e1cono permanente na diocese de&nbsp;Itabuna. A celebra\u00e7\u00e3o Eucar\u00edstica teve a presid\u00eancia do bispo da Diocese&nbsp;de Itabuna, Dom Carlos Alberto&nbsp;<\/p>\n<p><a class=\"btn btn-style\" href=\"http:\/\/portalcatolico.net\/portal\/diacono-permanente-da-diocese-de-itabuna-celebra-aniversario\/\">Continue Reading<\/a><\/p>\n","protected":false},"author":2,"featured_media":65621,"comment_status":"open","ping_status":"open","sticky":false,"template":"","format":"standard","meta":{"footnotes":""},"categories":[68],"tags":[],"class_list":["post-65620","post","type-post","status-publish","format-standard","has-post-thumbnail","hentry","category-homilias"],"_links":{"self":[{"href":"http:\/\/portalcatolico.net\/portal\/wp-json\/wp\/v2\/posts\/65620","targetHints":{"allow":["GET"]}}],"collection":[{"href":"http:\/\/portalcatolico.net\/portal\/wp-json\/wp\/v2\/posts"}],"about":[{"href":"http:\/\/portalcatolico.net\/portal\/wp-json\/wp\/v2\/types\/post"}],"author":[{"embeddable":true,"href":"http:\/\/portalcatolico.net\/portal\/wp-json\/wp\/v2\/users\/2"}],"replies":[{"embeddable":true,"href":"http:\/\/portalcatolico.net\/portal\/wp-json\/wp\/v2\/comments?post=65620"}],"version-history":[{"count":1,"href":"http:\/\/portalcatolico.net\/portal\/wp-json\/wp\/v2\/posts\/65620\/revisions"}],"predecessor-version":[{"id":65623,"href":"http:\/\/portalcatolico.net\/portal\/wp-json\/wp\/v2\/posts\/65620\/revisions\/65623"}],"wp:featuredmedia":[{"embeddable":true,"href":"http:\/\/portalcatolico.net\/portal\/wp-json\/wp\/v2\/media\/65621"}],"wp:attachment":[{"href":"http:\/\/portalcatolico.net\/portal\/wp-json\/wp\/v2\/media?parent=65620"}],"wp:term":[{"taxonomy":"category","embeddable":true,"href":"http:\/\/portalcatolico.net\/portal\/wp-json\/wp\/v2\/categories?post=65620"},{"taxonomy":"post_tag","embeddable":true,"href":"http:\/\/portalcatolico.net\/portal\/wp-json\/wp\/v2\/tags?post=65620"}],"curies":[{"name":"wp","href":"https:\/\/api.w.org\/{rel}","templated":true}]}}