{"id":65611,"date":"2019-07-26T12:47:51","date_gmt":"2019-07-26T15:47:51","guid":{"rendered":"http:\/\/portalcatolico.net\/portal\/?p=65611"},"modified":"2019-07-26T12:56:07","modified_gmt":"2019-07-26T15:56:07","slug":"dia-de-sao-cristovao-e-celebrado-em-itabuna-com-bencao-de-veiculos","status":"publish","type":"post","link":"http:\/\/portalcatolico.net\/portal\/dia-de-sao-cristovao-e-celebrado-em-itabuna-com-bencao-de-veiculos\/","title":{"rendered":"Dia de S\u00e3o Crist\u00f3v\u00e3o \u00e9 celebrado em Itabuna com ben\u00e7\u00e3o de ve\u00edculos"},"content":{"rendered":"<p><img loading=\"lazy\" decoding=\"async\" class=\"alignnone wp-image-65614\" src=\"http:\/\/portalcatolico.net\/portal\/wp-content\/uploads\/2019\/07\/sem-t\u00edtulo-114-1-300x200.jpg\" alt=\"\" width=\"741\" height=\"494\" srcset=\"http:\/\/portalcatolico.net\/portal\/wp-content\/uploads\/2019\/07\/sem-t\u00edtulo-114-1-300x200.jpg 300w, http:\/\/portalcatolico.net\/portal\/wp-content\/uploads\/2019\/07\/sem-t\u00edtulo-114-1-768x512.jpg 768w, http:\/\/portalcatolico.net\/portal\/wp-content\/uploads\/2019\/07\/sem-t\u00edtulo-114-1-1024x682.jpg 1024w, http:\/\/portalcatolico.net\/portal\/wp-content\/uploads\/2019\/07\/sem-t\u00edtulo-114-1.jpg 2000w\" sizes=\"auto, (max-width: 741px) 100vw, 741px\" \/><\/p>\n<p>Em Itabuna, o dia de S\u00e3o Crist\u00f3v\u00e3o, padroeiro dos motoristas e&nbsp;viajantes, foi celebrado nesta quinta-feira, 25, com b\u00ean\u00e7\u00e3os dos&nbsp;ve\u00edculos. Esta tradi\u00e7\u00e3o tem 46 anos em Itabuna (BA).<br \/>\nA a\u00e7\u00e3o ocorreu na Capela&nbsp; Bom Jesus, situada no bairro Maria Matos&nbsp;(conhecida como Rua de palha, no centro industrial da cidade), e reuniu&nbsp;dezenas de motoristas, motoqueiros, al\u00e9m das pol\u00edcias rodovi\u00e1ria, federal, estadual,&nbsp;militar e Sestrans, al\u00e9m de outros \u00f3rg\u00e3os ligados ao tr\u00e2nsito.<\/p>\n<p>A ben\u00e7\u00e3o de S\u00e3o Crist\u00f3v\u00e3o aconteceu por meio do di\u00e1cono permante Ailton Matos, \u00e0s&nbsp;16h. Com uma hora e meia de dura\u00e7\u00e3o, a carreata com a imagem do santo,percorreu a BR 101 e a BR 415 no per\u00edmetro urbano, al\u00e9m das&nbsp; principais&nbsp;avenidas do centro da cidade at\u00e9 a Igreja dedicada ao santo, que fica no&nbsp;<br \/>\nbairro Manoel Le\u00e3o. A comunidade comp\u00f5e a par\u00f3quia Santa Maria Madalena.&nbsp; A missa festiva teve in\u00edcio \u00e0s 17h50 com a presid\u00eancia do Pe. Tony&nbsp;Val\u00e9rio.<\/p>\n<p><strong>Conhe\u00e7a um pouco a hist\u00f3ria de s\u00e3o Crist\u00f3v\u00e3o:<\/strong><br \/>\nS\u00e3o Crist\u00f3v\u00e3o de Licia \u00e9 um m\u00e1rtir importante na hist\u00f3ria do&nbsp;cristianismo do Oriente e do Ocidente, que viveu durante o governo de&nbsp;D\u00e9cio, terceiro imperador romano, por volta do ano 250 d.C.<br \/>\nCrist\u00f3v\u00e3o \u00e9 um nome que significa &#8220;o que leva Cristo&#8221; ou &#8220;aquele que&nbsp;carrega o Cristo&#8221;, e est\u00e1 intimamente ligado a hist\u00f3ria do santo. Esta \u00e9&nbsp;uma data religiosa que homenageia a figura de um dos santos cat\u00f3licos&nbsp;mais populares do mundo: S\u00e3o Crist\u00f3v\u00e3o, o padroeiro dos viajantes e&nbsp;peregrinos. Seu nome em grego era &#8220;Christophoros&#8221; e significa &#8220;o&nbsp;portador de Cristo&#8221;. Desde o s\u00e9culo IV, foi representado com o menino&nbsp;Jesus sobre seus ombros e levando um cajado com folhas.<br \/>\nEra cren\u00e7a comum que bastava olhar para sua imagem para que o viajante&nbsp;se visse livre de todo perigo durante aquele dia. Por isso, \u00e9&nbsp;considerado padroeiro dos peregrinos, viajantes, motoristas e&nbsp;<br \/>\ntransportadores em geral.<br \/>\nSegundo a tradi\u00e7\u00e3o, foi um homem de grande estatura e serviu como&nbsp;soldado do Imp\u00e9rio Romano; tamb\u00e9m se diz que tinha uma alma caritativa e&nbsp;tentava ajudar os crist\u00e3os presos.<\/p>\n<p>Confira em nossa p\u00e1gina oficial no Facebook, o \u00e1lbum de fotos do evento:&nbsp;<br \/>\n<a href=\"http:\/\/www.facebook.com\/portalcatolicooficial\">www.facebook.com\/portalcatolicooficial<\/a><\/p>\n","protected":false},"excerpt":{"rendered":"<p>Em Itabuna, o dia de S\u00e3o Crist\u00f3v\u00e3o, padroeiro dos motoristas e&nbsp;viajantes, foi celebrado nesta quinta-feira, 25, com b\u00ean\u00e7\u00e3os dos&nbsp;ve\u00edculos. Esta tradi\u00e7\u00e3o tem 46 anos em Itabuna (BA). A a\u00e7\u00e3o ocorreu na Capela&nbsp; Bom Jesus, situada no bairro Maria Matos&nbsp;(conhecida como Rua de palha, no centro industrial da cidade), e reuniu&nbsp;dezenas de motoristas, motoqueiros, al\u00e9m das&nbsp;<\/p>\n<p><a class=\"btn btn-style\" href=\"http:\/\/portalcatolico.net\/portal\/dia-de-sao-cristovao-e-celebrado-em-itabuna-com-bencao-de-veiculos\/\">Continue Reading<\/a><\/p>\n","protected":false},"author":2,"featured_media":65612,"comment_status":"open","ping_status":"open","sticky":false,"template":"","format":"standard","meta":{"footnotes":""},"categories":[4],"tags":[],"class_list":["post-65611","post","type-post","status-publish","format-standard","has-post-thumbnail","hentry","category-destaques"],"_links":{"self":[{"href":"http:\/\/portalcatolico.net\/portal\/wp-json\/wp\/v2\/posts\/65611","targetHints":{"allow":["GET"]}}],"collection":[{"href":"http:\/\/portalcatolico.net\/portal\/wp-json\/wp\/v2\/posts"}],"about":[{"href":"http:\/\/portalcatolico.net\/portal\/wp-json\/wp\/v2\/types\/post"}],"author":[{"embeddable":true,"href":"http:\/\/portalcatolico.net\/portal\/wp-json\/wp\/v2\/users\/2"}],"replies":[{"embeddable":true,"href":"http:\/\/portalcatolico.net\/portal\/wp-json\/wp\/v2\/comments?post=65611"}],"version-history":[{"count":3,"href":"http:\/\/portalcatolico.net\/portal\/wp-json\/wp\/v2\/posts\/65611\/revisions"}],"predecessor-version":[{"id":65617,"href":"http:\/\/portalcatolico.net\/portal\/wp-json\/wp\/v2\/posts\/65611\/revisions\/65617"}],"wp:featuredmedia":[{"embeddable":true,"href":"http:\/\/portalcatolico.net\/portal\/wp-json\/wp\/v2\/media\/65612"}],"wp:attachment":[{"href":"http:\/\/portalcatolico.net\/portal\/wp-json\/wp\/v2\/media?parent=65611"}],"wp:term":[{"taxonomy":"category","embeddable":true,"href":"http:\/\/portalcatolico.net\/portal\/wp-json\/wp\/v2\/categories?post=65611"},{"taxonomy":"post_tag","embeddable":true,"href":"http:\/\/portalcatolico.net\/portal\/wp-json\/wp\/v2\/tags?post=65611"}],"curies":[{"name":"wp","href":"https:\/\/api.w.org\/{rel}","templated":true}]}}