{"id":65608,"date":"2019-07-26T06:42:44","date_gmt":"2019-07-26T09:42:44","guid":{"rendered":"http:\/\/portalcatolico.net\/portal\/?p=65608"},"modified":"2019-07-26T06:42:44","modified_gmt":"2019-07-26T09:42:44","slug":"hoje-a-igreja-celebra-sao-joaquim-e-santana-padroeiros-dos-avos","status":"publish","type":"post","link":"http:\/\/portalcatolico.net\/portal\/hoje-a-igreja-celebra-sao-joaquim-e-santana-padroeiros-dos-avos\/","title":{"rendered":"Hoje a Igreja celebra S\u00e3o Joaquim e Sant\u2019Ana, padroeiros dos av\u00f3s"},"content":{"rendered":"<p>Neste dia 26 de julho, \u00e9 celebrada na&nbsp;Igreja&nbsp;Cat\u00f3lica a festa dos pais da Sant\u00edssima&nbsp;Virgem Maria&nbsp;e av\u00f3s de Jesus, S\u00e3o Joaquim e Sant\u2019Ana. Em raz\u00e3o desta data, comemora-se tamb\u00e9m o Dia dos Av\u00f3s.<\/p>\n<p>Ambos os santos, chamados padroeiros dos av\u00f3s, foram pessoas de profunda f\u00e9 e confian\u00e7a em Deus; foram os encarregados de educar no caminho da f\u00e9 sua filha Maria, alimentando seu amor pelo Criador e preparando-a para sua miss\u00e3o.<\/p>\n<p>Bento XVI, em um dia como este em 2009, destacou \u2013 atrav\u00e9s das figuras de S\u00e3o Joaquim e Sant\u2019Ana \u2013 a import\u00e2ncia do papel educativo dos av\u00f3s, que na fam\u00edlia \u201cs\u00e3o os deposit\u00e1rios e muitas vezes as testemunhas dos valores fundamentais da&nbsp;vida\u201d.<\/p>\n<p>Em 2013, quando estava no Rio de Janeiro (Brasil) para a Jornada Mundial da Juventude, coincidindo sua estadia com esta data, o Papa Francisco destacou que \u201cS\u00e3o Joaquim e Sant\u2019Ana fazem parte de uma longa corrente que transmitiu o amor a Deus, no calor da fam\u00edlia, at\u00e9 Maria, que acolheu em seu seio o Filho de Deus e o ofereceu ao mundo, ofereceu-o a n\u00f3s. Vemos aqui o valor precioso da fam\u00edlia como lugar privilegiado para transmitir a f\u00e9!\u201d.<\/p>\n<p>\u201cOlhando para o ambiente familiar, queria destacar uma coisa: hoje, na festa de S\u00e3o Joaquim e Sant\u2019Ana, no Brasil como em outros pa\u00edses, se celebra a festa dos av\u00f3s. Como os av\u00f3s s\u00e3o importantes na vida da fam\u00edlia, para comunicar o patrim\u00f4nio de humanidade e de f\u00e9 que \u00e9 essencial para qualquer sociedade! E como \u00e9 importante o encontro e o di\u00e1logo entre as gera\u00e7\u00f5es, principalmente dentro da fam\u00edlia\u201d, acrescentou o Pont\u00edfice.(ACI)<\/p>\n","protected":false},"excerpt":{"rendered":"<p>Neste dia 26 de julho, \u00e9 celebrada na&nbsp;Igreja&nbsp;Cat\u00f3lica a festa dos pais da Sant\u00edssima&nbsp;Virgem Maria&nbsp;e av\u00f3s de Jesus, S\u00e3o Joaquim e Sant\u2019Ana. Em raz\u00e3o desta data, comemora-se tamb\u00e9m o Dia dos Av\u00f3s. Ambos os santos, chamados padroeiros dos av\u00f3s, foram pessoas de profunda f\u00e9 e confian\u00e7a em Deus; foram os encarregados de educar no caminho&nbsp;<\/p>\n<p><a class=\"btn btn-style\" href=\"http:\/\/portalcatolico.net\/portal\/hoje-a-igreja-celebra-sao-joaquim-e-santana-padroeiros-dos-avos\/\">Continue Reading<\/a><\/p>\n","protected":false},"author":2,"featured_media":65609,"comment_status":"open","ping_status":"open","sticky":false,"template":"","format":"standard","meta":{"footnotes":""},"categories":[69],"tags":[],"class_list":["post-65608","post","type-post","status-publish","format-standard","has-post-thumbnail","hentry","category-artigos"],"_links":{"self":[{"href":"http:\/\/portalcatolico.net\/portal\/wp-json\/wp\/v2\/posts\/65608","targetHints":{"allow":["GET"]}}],"collection":[{"href":"http:\/\/portalcatolico.net\/portal\/wp-json\/wp\/v2\/posts"}],"about":[{"href":"http:\/\/portalcatolico.net\/portal\/wp-json\/wp\/v2\/types\/post"}],"author":[{"embeddable":true,"href":"http:\/\/portalcatolico.net\/portal\/wp-json\/wp\/v2\/users\/2"}],"replies":[{"embeddable":true,"href":"http:\/\/portalcatolico.net\/portal\/wp-json\/wp\/v2\/comments?post=65608"}],"version-history":[{"count":1,"href":"http:\/\/portalcatolico.net\/portal\/wp-json\/wp\/v2\/posts\/65608\/revisions"}],"predecessor-version":[{"id":65610,"href":"http:\/\/portalcatolico.net\/portal\/wp-json\/wp\/v2\/posts\/65608\/revisions\/65610"}],"wp:featuredmedia":[{"embeddable":true,"href":"http:\/\/portalcatolico.net\/portal\/wp-json\/wp\/v2\/media\/65609"}],"wp:attachment":[{"href":"http:\/\/portalcatolico.net\/portal\/wp-json\/wp\/v2\/media?parent=65608"}],"wp:term":[{"taxonomy":"category","embeddable":true,"href":"http:\/\/portalcatolico.net\/portal\/wp-json\/wp\/v2\/categories?post=65608"},{"taxonomy":"post_tag","embeddable":true,"href":"http:\/\/portalcatolico.net\/portal\/wp-json\/wp\/v2\/tags?post=65608"}],"curies":[{"name":"wp","href":"https:\/\/api.w.org\/{rel}","templated":true}]}}