{"id":65595,"date":"2019-07-25T12:31:10","date_gmt":"2019-07-25T15:31:10","guid":{"rendered":"http:\/\/portalcatolico.net\/portal\/?p=65595"},"modified":"2019-07-25T12:31:10","modified_gmt":"2019-07-25T15:31:10","slug":"fieis-celebram-a-festa-de-senhora-santana-padroeira-dos-professores","status":"publish","type":"post","link":"http:\/\/portalcatolico.net\/portal\/fieis-celebram-a-festa-de-senhora-santana-padroeira-dos-professores\/","title":{"rendered":"Fi\u00e9is celebram a festa de Senhora Sant\u2019Ana, padroeira dos professores"},"content":{"rendered":"<p>A av\u00f3 de Jesus, Senhora Sant\u2019Ana, receber\u00e1 homenagens de fi\u00e9is nesta sexta-feira (26). Na Arquidiocese de Salvador, duas par\u00f3quias s\u00e3o dedicadas a ela, que tamb\u00e9m \u00e9 a padroeira dos professores, e prepararam uma programa\u00e7\u00e3o especial para este dia.<\/p>\n<p>Na Par\u00f3quia Sant\u2019Ana, localizada no bairro do Rio Vermelho, o tema escolhido para os festejos deste ano \u00e9 &#8220;Batizados e Enviados: a Igreja de Cristo em miss\u00e3o no mundo&#8221;. Ao longo de nove noites, os devotos participaram de celebra\u00e7\u00f5es em prepara\u00e7\u00e3o ao dia festivo, que contar\u00e1 com Missas \u00e0s 6h (pelos pescadores), \u00e0s 7h30 e \u00e0s 9h30 (pelos av\u00f3s). A Missa Solene ter\u00e1 in\u00edcio \u00e0s 19h e ser\u00e1 presidida por Dom Emanuel d\u2019Able do Amaral, OSB.<\/p>\n<p>J\u00e1 na Par\u00f3quia Sant\u00edssimo Sacramento e Sant\u2019Ana, em Nazar\u00e9, no dia festivo (26) haver\u00e1 alvorada com repique de sinos e queima de fogos, \u00e0s 6h; Missas \u00e0s 6h30, 8h, 9h30 e 12h. A partir das 16h acontecer\u00e1 a Tarde de Ora\u00e7\u00e3o e Louvor com a banda Recome\u00e7ar. \u00c0s 17h30 o Sant\u00edssimo Sacramento ficar\u00e1 exposto para adora\u00e7\u00e3o. Para encerrar as homenagens \u00e0 Senhora Sant\u2019Ana, o Arcebispo de Salvador e Primaz do Brasil, Dom Murilo Krieger, presidir\u00e1 a Missa Solene, \u00e0s 19h30, que contar\u00e1 com a apresenta\u00e7\u00e3o do Coral da Bas\u00edlica Santu\u00e1rio Nossa Senhora da Concei\u00e7\u00e3o da Praia.<\/p>\n<p>Por &nbsp;Sara Gomes\/Arquidiocese de Salvador (BA)<\/p>\n","protected":false},"excerpt":{"rendered":"<p>A av\u00f3 de Jesus, Senhora Sant\u2019Ana, receber\u00e1 homenagens de fi\u00e9is nesta sexta-feira (26). Na Arquidiocese de Salvador, duas par\u00f3quias s\u00e3o dedicadas a ela, que tamb\u00e9m \u00e9 a padroeira dos professores, e prepararam uma programa\u00e7\u00e3o especial para este dia. Na Par\u00f3quia Sant\u2019Ana, localizada no bairro do Rio Vermelho, o tema escolhido para os festejos deste ano&nbsp;<\/p>\n<p><a class=\"btn btn-style\" href=\"http:\/\/portalcatolico.net\/portal\/fieis-celebram-a-festa-de-senhora-santana-padroeira-dos-professores\/\">Continue Reading<\/a><\/p>\n","protected":false},"author":2,"featured_media":65596,"comment_status":"open","ping_status":"open","sticky":false,"template":"","format":"standard","meta":{"footnotes":""},"categories":[1],"tags":[],"class_list":["post-65595","post","type-post","status-publish","format-standard","has-post-thumbnail","hentry","category-agenda"],"_links":{"self":[{"href":"http:\/\/portalcatolico.net\/portal\/wp-json\/wp\/v2\/posts\/65595","targetHints":{"allow":["GET"]}}],"collection":[{"href":"http:\/\/portalcatolico.net\/portal\/wp-json\/wp\/v2\/posts"}],"about":[{"href":"http:\/\/portalcatolico.net\/portal\/wp-json\/wp\/v2\/types\/post"}],"author":[{"embeddable":true,"href":"http:\/\/portalcatolico.net\/portal\/wp-json\/wp\/v2\/users\/2"}],"replies":[{"embeddable":true,"href":"http:\/\/portalcatolico.net\/portal\/wp-json\/wp\/v2\/comments?post=65595"}],"version-history":[{"count":1,"href":"http:\/\/portalcatolico.net\/portal\/wp-json\/wp\/v2\/posts\/65595\/revisions"}],"predecessor-version":[{"id":65597,"href":"http:\/\/portalcatolico.net\/portal\/wp-json\/wp\/v2\/posts\/65595\/revisions\/65597"}],"wp:featuredmedia":[{"embeddable":true,"href":"http:\/\/portalcatolico.net\/portal\/wp-json\/wp\/v2\/media\/65596"}],"wp:attachment":[{"href":"http:\/\/portalcatolico.net\/portal\/wp-json\/wp\/v2\/media?parent=65595"}],"wp:term":[{"taxonomy":"category","embeddable":true,"href":"http:\/\/portalcatolico.net\/portal\/wp-json\/wp\/v2\/categories?post=65595"},{"taxonomy":"post_tag","embeddable":true,"href":"http:\/\/portalcatolico.net\/portal\/wp-json\/wp\/v2\/tags?post=65595"}],"curies":[{"name":"wp","href":"https:\/\/api.w.org\/{rel}","templated":true}]}}