{"id":65587,"date":"2019-07-24T23:03:07","date_gmt":"2019-07-25T02:03:07","guid":{"rendered":"http:\/\/portalcatolico.net\/portal\/?p=65587"},"modified":"2019-07-24T23:03:07","modified_gmt":"2019-07-25T02:03:07","slug":"cresce-em-200-o-numero-de-visitantes-ao-santuario-da-irma-dulce","status":"publish","type":"post","link":"http:\/\/portalcatolico.net\/portal\/cresce-em-200-o-numero-de-visitantes-ao-santuario-da-irma-dulce\/","title":{"rendered":"Cresce em 200% o n\u00famero de visitantes ao Santu\u00e1rio da Irm\u00e3 Dulce"},"content":{"rendered":"<p><img loading=\"lazy\" decoding=\"async\" class=\"size-medium wp-image-65590 alignleft\" src=\"http:\/\/portalcatolico.net\/portal\/wp-content\/uploads\/2019\/07\/view-3-300x162.jpg\" alt=\"\" width=\"300\" height=\"162\" srcset=\"http:\/\/portalcatolico.net\/portal\/wp-content\/uploads\/2019\/07\/view-3-300x162.jpg 300w, http:\/\/portalcatolico.net\/portal\/wp-content\/uploads\/2019\/07\/view-3.jpg 500w\" sizes=\"auto, (max-width: 300px) 100vw, 300px\" \/>O estado da Bahia recebe anualmente por volta de cinco milh\u00f5es de pessoas atra\u00eddas pelo turismo religioso. A previs\u00e3o \u00e9 que este n\u00famero suba nos pr\u00f3ximos meses, devido a canoniza\u00e7\u00e3o de irm\u00e3 Dulce, primeira Santa brasileira nascida no estado.<\/p>\n<p>O aumento j\u00e1 foi registrado no m\u00eas de maio, quando o Papa Francisco confirmou o segundo milagre da religiosa. O n\u00famero de visitantes ao Santu\u00e1rio dedicado \u00e0 futura Santa foi de mais de mil e duzentas pessoas em apenas uma semana, um aumento de 200%.<\/p>\n<p>Por conta do aumento previsto para os pr\u00f3ximos meses, foi lan\u00e7ado um projeto de revitaliza\u00e7\u00e3o da Avenida Dendezeiros do Bonfim que ser\u00e1 transformada em uma passarela da F\u00e9, ligando o Santu\u00e1rio, localizado no Largo dos Mares \u00e0 Bas\u00edlica Santu\u00e1rio Senhor do Bonfim, na Colina Sagrada.<\/p>\n<p>Al\u00e9m de brasileiros provenientes de todas as regi\u00f5es do pa\u00eds, o Santu\u00e1rio recebe muitos peregrinos de outros pa\u00edses da Am\u00e9rica do Sul, tais como Argentina, Paraguai, Uruguai e Col\u00f4mbia.<\/p>\n<p>Religiosa da Congrega\u00e7\u00e3o das Irm\u00e3s Mission\u00e1rias da Imaculada Concei\u00e7\u00e3o da M\u00e3e de Deus, a Irm\u00e3 Dulce nasceu em Salvador em 26 de maio de 1914 e ali faleceu em 22 de maio de 1992. Sua beatifica\u00e7\u00e3o ocorreu em 22 de maio de 2011 e sua canoniza\u00e7\u00e3o est\u00e1 marcada para o dia 13 de outubro de 2019.<\/p>\n<p>Ela \u00e9 recordada ainda hoje pelas suas obras de caridade e de assist\u00eancia aos necessitados e desamparados. Al\u00e9m disso seu amor ao pr\u00f3ximo por amor a Deus se estendia tamb\u00e9m aos jovens que ela orientava com sabedoria. (Gaudiumpress)<\/p>\n","protected":false},"excerpt":{"rendered":"<p>O estado da Bahia recebe anualmente por volta de cinco milh\u00f5es de pessoas atra\u00eddas pelo turismo religioso. A previs\u00e3o \u00e9 que este n\u00famero suba nos pr\u00f3ximos meses, devido a canoniza\u00e7\u00e3o de irm\u00e3 Dulce, primeira Santa brasileira nascida no estado. O aumento j\u00e1 foi registrado no m\u00eas de maio, quando o Papa Francisco confirmou o segundo&nbsp;<\/p>\n<p><a class=\"btn btn-style\" href=\"http:\/\/portalcatolico.net\/portal\/cresce-em-200-o-numero-de-visitantes-ao-santuario-da-irma-dulce\/\">Continue Reading<\/a><\/p>\n","protected":false},"author":2,"featured_media":65589,"comment_status":"open","ping_status":"open","sticky":false,"template":"","format":"standard","meta":{"footnotes":""},"categories":[4],"tags":[],"class_list":["post-65587","post","type-post","status-publish","format-standard","has-post-thumbnail","hentry","category-destaques"],"_links":{"self":[{"href":"http:\/\/portalcatolico.net\/portal\/wp-json\/wp\/v2\/posts\/65587","targetHints":{"allow":["GET"]}}],"collection":[{"href":"http:\/\/portalcatolico.net\/portal\/wp-json\/wp\/v2\/posts"}],"about":[{"href":"http:\/\/portalcatolico.net\/portal\/wp-json\/wp\/v2\/types\/post"}],"author":[{"embeddable":true,"href":"http:\/\/portalcatolico.net\/portal\/wp-json\/wp\/v2\/users\/2"}],"replies":[{"embeddable":true,"href":"http:\/\/portalcatolico.net\/portal\/wp-json\/wp\/v2\/comments?post=65587"}],"version-history":[{"count":1,"href":"http:\/\/portalcatolico.net\/portal\/wp-json\/wp\/v2\/posts\/65587\/revisions"}],"predecessor-version":[{"id":65591,"href":"http:\/\/portalcatolico.net\/portal\/wp-json\/wp\/v2\/posts\/65587\/revisions\/65591"}],"wp:featuredmedia":[{"embeddable":true,"href":"http:\/\/portalcatolico.net\/portal\/wp-json\/wp\/v2\/media\/65589"}],"wp:attachment":[{"href":"http:\/\/portalcatolico.net\/portal\/wp-json\/wp\/v2\/media?parent=65587"}],"wp:term":[{"taxonomy":"category","embeddable":true,"href":"http:\/\/portalcatolico.net\/portal\/wp-json\/wp\/v2\/categories?post=65587"},{"taxonomy":"post_tag","embeddable":true,"href":"http:\/\/portalcatolico.net\/portal\/wp-json\/wp\/v2\/tags?post=65587"}],"curies":[{"name":"wp","href":"https:\/\/api.w.org\/{rel}","templated":true}]}}